{"id":253397,"date":"2024-12-18T12:33:55","date_gmt":"2024-12-18T12:33:55","guid":{"rendered":"https:\/\/staging.thememorist.com\/unkategorisiert\/table-ronde-memorist-palais-garnier\/"},"modified":"2025-09-18T12:18:54","modified_gmt":"2025-09-18T12:18:54","slug":"memoristischer-runder-tisch-palais-garnier","status":"publish","type":"post","link":"https:\/\/staging.thememorist.com\/de\/neuigkeiten\/memoristischer-runder-tisch-palais-garnier\/","title":{"rendered":"Arts de Vivre im Herzen des Kulturerbes: R\u00fcckblick auf das MEMORIST-Rundtischgespr\u00e4ch im Palais Garnier"},"content":{"rendered":"<p>[et_pb_section fb_built=&#8220;1&#8243; _builder_version=&#8220;4.16&#8243; background_color=&#8220;RGBA(255,255,255,0)&#8220; custom_padding=&#8220;0px||0px||true|false&#8220; locked=&#8220;off&#8220; global_colors_info=&#8220;{}&#8220; theme_builder_area=&#8220;post_content&#8220;][et_pb_row _builder_version=&#8220;4.16&#8243; background_size=&#8220;initial&#8220; background_position=&#8220;top_left&#8220; background_repeat=&#8220;repeat&#8220; width=&#8220;100%&#8220; max_width=&#8220;900px&#8220; custom_padding=&#8220;0px||0px||true|false&#8220; global_colors_info=&#8220;{}&#8220; theme_builder_area=&#8220;post_content&#8220;][et_pb_column type=&#8220;4_4&#8243; _builder_version=&#8220;4.16&#8243; custom_padding=&#8220;|||&#8220; global_colors_info=&#8220;{}&#8220; custom_padding__hover=&#8220;|||&#8220; theme_builder_area=&#8220;post_content&#8220;][et_pb_text _builder_version=&#8220;4.27.0&#8243; _module_preset=&#8220;default&#8220; hover_enabled=&#8220;0&#8243; global_colors_info=&#8220;{%22gcid-eece89eb-2355-4971-93bb-89215b603bda%22:%91%22link_text_color%22%93}&#8220; theme_builder_area=&#8220;post_content&#8220; link_text_color=&#8220;gcid-eece89eb-2355-4971-93bb-89215b603bda&#8220; sticky_enabled=&#8220;0&#8243;]<\/p>\n<p>MEMORIST begr\u00fc\u00dfte die gro\u00dfen &#8222;Maisons des Arts de Vivre&#8220; im prestigetr\u00e4chtigen Palais Garnier zu einem Rundtischgespr\u00e4ch, das der Erhaltung dieses einzigartigen Erbes gewidmet war. Diese Veranstaltung, die der Erhaltung von Kulturg\u00fctern aus den Bereichen Gastronomie, Spirituosen und Tischkultur gewidmet war, bekr\u00e4ftigte die Rolle von MEMORIST als f\u00fchrender Anbieter im Bereich der Erhaltung und Weitergabe von kulturellem Know-how.<\/p>\n<h2>Eine kulturelle und strategische Herausforderung<\/h2>\n<p>Die zum franz\u00f6sischen Kulturerbe geh\u00f6renden Arts de Vivre sind sowohl Zeugen jahrhundertealter Traditionen als auch Symbole f\u00fcr Exzellenz. Ihre Erhaltung stellt jedoch in einer sich st\u00e4ndig wandelnden Welt eine gro\u00dfe Herausforderung dar. Die Diskussionsrunde befasste sich mit folgenden zentralen Fragen: Wie k\u00f6nnen diese Fertigkeiten angesichts des technologischen Wandels und neuer Konsumgewohnheiten gesch\u00fctzt und gleichzeitig ihre Weitergabe von <a href=\"\/de\/kulturerbe-kommunikation\/\">Generation zu Generation gef\u00f6rdert werden<\/a>?<\/p>\n<p>In diesem Zusammenhang erwies sich die Frage nach dem Gleichgewicht zwischen Tradition und Innovation als zentral. Die anwesenden H\u00e4user tauschten \u00dcberlegungen dar\u00fcber aus, wie sie ihre Praktiken anpassen k\u00f6nnen, um den zeitgen\u00f6ssischen Erwartungen gerecht zu werden und gleichzeitig ihrem Erbe treu zu bleiben.<\/p>\n<h2>Innovation und Tradition &#8211; eine unverzichtbare Verbindung<\/h2>\n<p>Einer der H\u00f6hepunkte des Treffens war die Rolle der Innovation bei der Bewahrung althergebrachter Fertigkeiten. Die Arts de Vivre sind keineswegs starr, sondern entwickeln sich st\u00e4ndig weiter und werden durch technologische und kreative Beitr\u00e4ge bereichert. Innovation erm\u00f6glicht es nicht nur, Traditionen aufrechtzuerhalten, sondern auch, sie f\u00fcr neue Generationen relevant und attraktiv zu machen.<\/p>\n<p>Auch die Weitergabe von Wissen nahm in den Diskussionen einen zentralen Platz ein. Um diese au\u00dfergew\u00f6hnlichen Berufe zu erhalten, m\u00fcssen neue Talente ausgebildet und gleichzeitig ein breiteres Publikum f\u00fcr ihre Bedeutung sensibilisiert werden. Diese doppelte Aufgabe, p\u00e4dagogisch und kulturell, ist von entscheidender Bedeutung, um den Fortbestand dieses Erbes zu gew\u00e4hrleisten.<\/p>\n<h2>Aufwertung des Kulturerbes in der \u00d6ffentlichkeit<\/h2>\n<p>Ein weiteres Schl\u00fcsselthema des Rundtischgespr\u00e4chs war die Bewusstseinsbildung. Die Teilnehmer betonten, wie wichtig es ist, dieses Know-how der breiten \u00d6ffentlichkeit zug\u00e4nglich zu machen, insbesondere durch Veranstaltungen, Ausstellungen oder immersive Erlebnisse. Diese Initiativen erm\u00f6glichen es, die Verbindung zwischen den H\u00e4usern und ihrem Publikum zu st\u00e4rken und gleichzeitig das Kulturerbe als wesentliches Element der kulturellen Identit\u00e4t aufzuwerten.<\/p>\n<p>Dar\u00fcber hinaus wurden die Jubil\u00e4en einiger H\u00e4user, die echte historische Meilensteine sind, als strategische Gelegenheiten hervorgehoben, um \u00fcber ihre Geschichte und ihr Know-how zu kommunizieren. Diese Feiern erm\u00f6glichen es, die Weitergabe von Werten und Traditionen zu st\u00e4rken und gleichzeitig ihre Botschaft an moderne Erwartungen anzupassen.<\/p>\n<h2>MEMORIST, ein Hauptakteur bei der Erhaltung des Kulturerbes<\/h2>\n<p>F\u00fcr MEMORIST ist dieser Runde Tisch mehr als nur eine Veranstaltung: Er bekr\u00e4ftigt unsere Vision und unser Engagement f\u00fcr einen umfassenden und nachhaltigen Ansatz f\u00fcr das Kulturerbe. Als f\u00fchrendes Kompetenzzentrum f\u00fcr die Erhaltung und Aufwertung des kulturellen Erbes arbeiten wir jeden Tag daran, H\u00e4user und Institutionen bei ihrer Aufgabe der Weitergabe zu unterst\u00fctzen.<\/p>\n<p><a href=\"https:\/\/www.linkedin.com\/in\/laurent-onainty-a65130105\/overlay\/about-this-profile\/?lipi=urn%3Ali%3Apage%3Ad_flagship3_profile_view_base%3Bmh%2FJ7oC3R72ri2t3Y5hgTg%3D%3D\" target=\"_blank\" rel=\"noopener\">Laurent Ona\u00efnty<\/a>, Generaldirektor von MEMORIST, betonte: &#8222;Wir m\u00fcssen das Kulturerbe als Br\u00fccke zwischen der Vergangenheit und der Zukunft begreifen. Durch Initiativen wie diesen Runden Tisch tragen wir dazu bei, diese Zukunft zu gestalten.&#8220;<\/p>\n<p><strong>Wussten Sie schon?<\/strong> Die gastronomische Mahlzeit der Franzosen, die zum immateriellen Kulturerbe der UNESCO geh\u00f6rt, stellt nicht nur die Gerichte in den Vordergrund, sondern auch die Rituale und das Know-how, die mit der Geselligkeit und dem Feiern von Momenten des Teilens verbunden sind. Ein lebendiger Schatz, den es zu bewahren gilt!<\/p>\n<p>Mit diesem Treffen bekr\u00e4ftigt MEMORIST seine Mission als Meinungsf\u00fchrer und engagierter Akteur im Bereich der <a href=\"\/de\/kulturerbe-erhalten\/\">Bewahrung des kulturellen Erbes<\/a>. Ein weiterer Schritt, um die Sch\u00e4tze unseres kollektiven Erbes ins Rampenlicht zu r\u00fccken.<\/p>\n<p><strong>Entdecken Sie, wie MEMORIST das kulturelle Erbe f\u00fcr zuk\u00fcnftige Generationen bewahrt. <a href=\"\/de\/kontakt\/\">Kontaktieren Sie uns noch heute<\/a> f\u00fcr weitere Informationen.<\/strong><\/p>\n<p>[\/et_pb_text][\/et_pb_column][\/et_pb_row][\/et_pb_section]<\/p>\n","protected":false},"excerpt":{"rendered":"<p>MEMORIST begr\u00fc\u00dfte die gro\u00dfen &#8222;Maisons des Arts de Vivre&#8220; im prestigetr\u00e4chtigen Palais Garnier zu einem Rundtischgespr\u00e4ch, das der Erhaltung dieses einzigartigen Erbes gewidmet war. Diese Veranstaltung, die der Erhaltung von Kulturg\u00fctern aus den Bereichen Gastronomie, Spirituosen und Tischkultur gewidmet war, bekr\u00e4ftigte die Rolle von MEMORIST als f\u00fchrender Anbieter im Bereich der Erhaltung und Weitergabe von [&hellip;]<\/p>\n","protected":false},"author":13,"featured_media":253417,"comment_status":"closed","ping_status":"closed","sticky":false,"template":"","format":"standard","meta":{"_acf_changed":false,"_et_pb_use_builder":"on","_et_pb_old_content":"","_et_gb_content_width":"1200","inline_featured_image":false,"footnotes":""},"categories":[73],"tags":[],"acf":[],"_links":{"self":[{"href":"https:\/\/staging.thememorist.com\/de\/wp-json\/wp\/v2\/posts\/253397"}],"collection":[{"href":"https:\/\/staging.thememorist.com\/de\/wp-json\/wp\/v2\/posts"}],"about":[{"href":"https:\/\/staging.thememorist.com\/de\/wp-json\/wp\/v2\/types\/post"}],"author":[{"embeddable":true,"href":"https:\/\/staging.thememorist.com\/de\/wp-json\/wp\/v2\/users\/13"}],"replies":[{"embeddable":true,"href":"https:\/\/staging.thememorist.com\/de\/wp-json\/wp\/v2\/comments?post=253397"}],"version-history":[{"count":4,"href":"https:\/\/staging.thememorist.com\/de\/wp-json\/wp\/v2\/posts\/253397\/revisions"}],"predecessor-version":[{"id":254504,"href":"https:\/\/staging.thememorist.com\/de\/wp-json\/wp\/v2\/posts\/253397\/revisions\/254504"}],"wp:featuredmedia":[{"embeddable":true,"href":"https:\/\/staging.thememorist.com\/de\/wp-json\/wp\/v2\/media\/253417"}],"wp:attachment":[{"href":"https:\/\/staging.thememorist.com\/de\/wp-json\/wp\/v2\/media?parent=253397"}],"wp:term":[{"taxonomy":"category","embeddable":true,"href":"https:\/\/staging.thememorist.com\/de\/wp-json\/wp\/v2\/categories?post=253397"},{"taxonomy":"post_tag","embeddable":true,"href":"https:\/\/staging.thememorist.com\/de\/wp-json\/wp\/v2\/tags?post=253397"}],"curies":[{"name":"wp","href":"https:\/\/api.w.org\/{rel}","templated":true}]}}