{"id":255798,"date":"2026-06-30T05:18:46","date_gmt":"2026-06-30T05:18:46","guid":{"rendered":"https:\/\/staging.thememorist.com\/unkategorisiert\/plan-les-ouates-175-years-digital-heritage-app\/"},"modified":"2026-08-28T10:33:42","modified_gmt":"2026-08-28T10:33:42","slug":"plan-les-ouates","status":"publish","type":"post","link":"https:\/\/staging.thememorist.com\/de\/neuigkeiten\/plan-les-ouates\/","title":{"rendered":"Plan-les-Ouates: 175 Jahre zwischen Tradition und Moderne"},"content":{"rendered":"<p>[et_pb_section fb_built=&#8220;1&#8243; custom_padding_last_edited=&#8220;off|desktop&#8220; _builder_version=&#8220;4.27.0&#8243; _module_preset=&#8220;default&#8220; background_color=&#8220;RGBA(255,255,255,0)&#8220; custom_margin=&#8220;100px||||false|false&#8220; custom_margin_tablet=&#8220;20px||20px||true|false&#8220; custom_margin_phone=&#8220;||||true|false&#8220; custom_margin_last_edited=&#8220;on|phone&#8220; custom_padding=&#8220;||||false|false&#8220; custom_padding_tablet=&#8220;||||false|false&#8220; custom_padding_phone=&#8220;||||false|false&#8220; global_colors_info=&#8220;{}&#8220;][et_pb_row column_structure=&#8220;1_4,3_4&#8243; _builder_version=&#8220;4.27.0&#8243; _module_preset=&#8220;default&#8220; custom_margin=&#8220;0px||0px||true|false&#8220; custom_padding=&#8220;0px||0px||true|false&#8220; locked=&#8220;off&#8220; global_colors_info=&#8220;{}&#8220;][et_pb_column type=&#8220;1_4&#8243; _builder_version=&#8220;4.20.0&#8243; _module_preset=&#8220;default&#8220; global_colors_info=&#8220;{}&#8220;][\/et_pb_column][et_pb_column type=&#8220;3_4&#8243; _builder_version=&#8220;4.20.0&#8243; _module_preset=&#8220;default&#8220; global_colors_info=&#8220;{}&#8220;][et_pb_text _builder_version=&#8220;4.27.0&#8243; _dynamic_attributes=&#8220;content&#8220; _module_preset=&#8220;_initial&#8220; text_font_size=&#8220;1px&#8220; link_text_color=&#8220;#DD542A&#8220; header_font=&#8220;|700|||||||&#8220; header_text_color=&#8220;gcid-heading-color&#8220; header_font_size=&#8220;56px&#8220; header_letter_spacing=&#8220;0.9px&#8220; header_line_height=&#8220;58.2px&#8220; width=&#8220;80%&#8220; custom_margin=&#8220;0px||0px||true|false&#8220; custom_padding=&#8220;0px||0px||true|false&#8220; custom_padding_tablet=&#8220;|0px|||false|false&#8220; custom_padding_phone=&#8220;|0px|106px||false|false&#8220; custom_padding_last_edited=&#8220;off|desktop&#8220; header_font_size_tablet=&#8220;56px&#8220; header_font_size_phone=&#8220;50px&#8220; header_font_size_last_edited=&#8220;on|phone&#8220; header_letter_spacing_tablet=&#8220;0.9px&#8220; header_letter_spacing_phone=&#8220;1px&#8220; header_letter_spacing_last_edited=&#8220;on|phone&#8220; header_line_height_tablet=&#8220;58.2px&#8220; header_line_height_phone=&#8220;52px&#8220; header_line_height_last_edited=&#8220;on|tablet&#8220; global_colors_info=&#8220;{%22gcid-heading-color%22:%91%22header_text_color%22%93}&#8220;]@ET-DC@eyJkeW5hbWljIjp0cnVlLCJjb250ZW50IjoicG9zdF90aXRsZSIsInNldHRpbmdzIjp7ImJlZm9yZSI6IjxoMT4iLCJhZnRlciI6IjwvaDE+In19@[\/et_pb_text][\/et_pb_column][\/et_pb_row][\/et_pb_section][et_pb_section fb_built=&#8220;1&#8243; _builder_version=&#8220;4.27.0&#8243; _module_preset=&#8220;default&#8220; background_color=&#8220;RGBA(255,255,255,0)&#8220; custom_margin=&#8220;5px||||false|false&#8220; custom_padding=&#8220;5px||100px||false|false&#8220; global_colors_info=&#8220;{}&#8220;][et_pb_row column_structure=&#8220;1_3,2_3&#8243; _builder_version=&#8220;4.27.0&#8243; _module_preset=&#8220;default&#8220; custom_margin=&#8220;60px|auto||auto|false|false&#8220; custom_margin_tablet=&#8220;20px||||false|false&#8220; custom_margin_phone=&#8220;15px||||false|false&#8220; custom_margin_last_edited=&#8220;on|phone&#8220; custom_padding=&#8220;4px||50px||false|false&#8220; locked=&#8220;off&#8220; global_colors_info=&#8220;{}&#8220;][et_pb_column type=&#8220;1_3&#8243; _builder_version=&#8220;4.20.0&#8243; _module_preset=&#8220;default&#8220; global_colors_info=&#8220;{}&#8220;][\/et_pb_column][et_pb_column type=&#8220;2_3&#8243; _builder_version=&#8220;4.20.0&#8243; _module_preset=&#8220;default&#8220; global_colors_info=&#8220;{}&#8220;][et_pb_text _builder_version=&#8220;4.27.0&#8243; _module_preset=&#8220;_initial&#8220; text_font=&#8220;||||||||&#8220; text_font_size=&#8220;16px&#8220; text_letter_spacing=&#8220;0.36px&#8220; text_line_height=&#8220;23px&#8220; header_font=&#8220;||||||||&#8220; header_text_color=&#8220;RGBA(255,255,255,0)&#8220; width=&#8220;72.1%&#8220; custom_margin=&#8220;||||false|false&#8220; custom_margin_tablet=&#8220;-92px||||false|false&#8220; custom_margin_phone=&#8220;-30px||||false|false&#8220; custom_margin_last_edited=&#8220;off|desktop&#8220; custom_padding=&#8220;||||false|false&#8220; custom_padding_tablet=&#8220;|0px|||false|false&#8220; custom_padding_phone=&#8220;|0px|||false|false&#8220; custom_padding_last_edited=&#8220;off|desktop&#8220; global_colors_info=&#8220;{%22gcid-eece89eb-2355-4971-93bb-89215b603bda%22:%91%22link_text_color%22%93}&#8220;]<\/p>\n<p>Die Gemeinde Plan-les-Ouates (Genf, Schweiz) wollte ihr 175-j\u00e4hriges Jubil\u00e4um mit einem immersiven digitalen Erlebnis feiern, das den Einwohnern die M\u00f6glichkeit gibt, die <strong>Geschichte ihrer Stadt neu zu entdecken<\/strong>.<\/p>\n<p>MEMORIST begleitete die Gemeinde bei der Umsetzung dieses innovativen immersiven Konzepts und konnte Vorschl\u00e4ge zum Inhalt und zu den angebotenen Funktionen einbringen.<\/p>\n<p>Der offizielle Start der Besichtigungs-App auf einem Touchscreen-Tablet, das bei der Gemeindeverwaltung ausgeliehen werden kann, fand am 28. Mai zu Beginn der Jubil\u00e4umsfeierlichkeiten statt.<\/p>\n<p>[\/et_pb_text][\/et_pb_column][\/et_pb_row][et_pb_row column_structure=&#8220;1_3,2_3&#8243; custom_padding_last_edited=&#8220;on|tablet&#8220; _builder_version=&#8220;4.25.2&#8243; _module_preset=&#8220;default&#8220; custom_margin=&#8220;|auto||auto|false|false&#8220; custom_padding=&#8220;50px||50px||false|false&#8220; custom_padding_tablet=&#8220;50px||40px||false|false&#8220; custom_padding_phone=&#8220;50px||25px||false|false&#8220; locked=&#8220;off&#8220; global_colors_info=&#8220;{}&#8220;][et_pb_column type=&#8220;1_3&#8243; _builder_version=&#8220;4.20.0&#8243; _module_preset=&#8220;default&#8220; global_colors_info=&#8220;{}&#8220;][\/et_pb_column][et_pb_column type=&#8220;2_3&#8243; _builder_version=&#8220;4.20.0&#8243; _module_preset=&#8220;default&#8220; global_colors_info=&#8220;{}&#8220;][et_pb_text _builder_version=&#8220;4.27.0&#8243; _module_preset=&#8220;_initial&#8220; text_font_size=&#8220;1px&#8220; link_text_color=&#8220;#DD542A&#8220; header_font=&#8220;|700|||||||&#8220; header_2_font=&#8220;|700|||||||&#8220; header_2_font_size=&#8220;50px&#8220; width=&#8220;75%&#8220; custom_margin=&#8220;||||false|false&#8220; custom_margin_tablet=&#8220;-39px||||false|false&#8220; custom_margin_phone=&#8220;-30px||||false|false&#8220; custom_margin_last_edited=&#8220;off|desktop&#8220; custom_padding=&#8220;100px||||false|false&#8220; custom_padding_tablet=&#8220;80px||||false|false&#8220; custom_padding_phone=&#8220;0px||0px||false|false&#8220; custom_padding_last_edited=&#8220;on|phone&#8220; locked=&#8220;off&#8220; global_colors_info=&#8220;%91%93&#8243;]<\/p>\n<h2>Br\u00fccke zwischen Vergangenheit und Gegenwart dank digitaler Technologien<\/h2>\n<p>[\/et_pb_text][\/et_pb_column][\/et_pb_row][et_pb_row _builder_version=&#8220;4.27.0&#8243; _module_preset=&#8220;default&#8220; width_tablet=&#8220;95%&#8220; width_phone=&#8220;95%&#8220; width_last_edited=&#8220;on|tablet&#8220; custom_margin=&#8220;||||true|false&#8220; custom_padding=&#8220;||||false|false&#8220; global_colors_info=&#8220;{}&#8220;][et_pb_column type=&#8220;4_4&#8243; _builder_version=&#8220;4.25.0&#8243; _module_preset=&#8220;default&#8220; global_colors_info=&#8220;{}&#8220;][et_pb_slider _builder_version=&#8220;4.27.0&#8243; _module_preset=&#8220;default&#8220; custom_padding=&#8220;265px||265px||true|false&#8220; global_colors_info=&#8220;{}&#8220;][et_pb_slide _builder_version=&#8220;4.27.0&#8243; _module_preset=&#8220;default&#8220; background_enable_color=&#8220;off&#8220; background_image=&#8220;https:\/\/staging.thememorist.com\/wp-content\/uploads\/2026\/08\/plan-les-ouates-3d-rekonstruktion-route-saint-julien.webp&#8220; background_enable_image=&#8220;on&#8220; background_position=&#8220;top_center&#8220; custom_padding=&#8220;265px||265px||true|false&#8220; global_colors_info=&#8220;{}&#8220; sticky_transition=&#8220;on&#8220;][\/et_pb_slide][et_pb_slide _builder_version=&#8220;4.27.0&#8243; _module_preset=&#8220;default&#8220; background_enable_color=&#8220;off&#8220; background_image=&#8220;https:\/\/staging.thememorist.com\/wp-content\/uploads\/2026\/08\/plan-les-ouates-route-saint-julien-heute.jpg&#8220; background_enable_image=&#8220;on&#8220; background_position=&#8220;top_center&#8220; custom_padding=&#8220;265px||265px||true|false&#8220; global_colors_info=&#8220;{}&#8220; sticky_transition=&#8220;on&#8220;][\/et_pb_slide][et_pb_slide _builder_version=&#8220;4.27.0&#8243; _module_preset=&#8220;default&#8220; background_enable_color=&#8220;off&#8220; background_image=&#8220;https:\/\/staging.thememorist.com\/wp-content\/uploads\/2026\/08\/plan-les-ouates-historische-3d-figur-kleidung.jpg&#8220; background_enable_image=&#8220;on&#8220; background_position=&#8220;top_center&#8220; custom_padding=&#8220;265px||265px||true|false&#8220; global_colors_info=&#8220;{}&#8220; sticky_transition=&#8220;on&#8220;][\/et_pb_slide][\/et_pb_slider][\/et_pb_column][\/et_pb_row][et_pb_row column_structure=&#8220;1_3,2_3&#8243; _builder_version=&#8220;4.27.0&#8243; _module_preset=&#8220;default&#8220; custom_margin=&#8220;60px|auto||auto|false|false&#8220; custom_margin_tablet=&#8220;20px||||false|false&#8220; custom_margin_phone=&#8220;15px||||false|false&#8220; custom_margin_last_edited=&#8220;on|phone&#8220; custom_padding=&#8220;4px||50px||false|false&#8220; locked=&#8220;off&#8220; global_colors_info=&#8220;{}&#8220;][et_pb_column type=&#8220;1_3&#8243; _builder_version=&#8220;4.20.0&#8243; _module_preset=&#8220;default&#8220; global_colors_info=&#8220;{}&#8220;][\/et_pb_column][et_pb_column type=&#8220;2_3&#8243; _builder_version=&#8220;4.20.0&#8243; _module_preset=&#8220;default&#8220; global_colors_info=&#8220;{}&#8220;][et_pb_text _builder_version=&#8220;4.27.0&#8243; _module_preset=&#8220;_initial&#8220; text_font=&#8220;||||||||&#8220; text_font_size=&#8220;16px&#8220; text_letter_spacing=&#8220;0.36px&#8220; text_line_height=&#8220;23px&#8220; header_font=&#8220;||||||||&#8220; header_text_color=&#8220;RGBA(255,255,255,0)&#8220; width=&#8220;72.1%&#8220; custom_margin=&#8220;||||false|false&#8220; custom_margin_tablet=&#8220;-92px||||false|false&#8220; custom_margin_phone=&#8220;-30px||||false|false&#8220; custom_margin_last_edited=&#8220;off|desktop&#8220; custom_padding=&#8220;||||false|false&#8220; custom_padding_tablet=&#8220;|0px|||false|false&#8220; custom_padding_phone=&#8220;|0px|||false|false&#8220; custom_padding_last_edited=&#8220;off|desktop&#8220; global_colors_info=&#8220;{%22gcid-eece89eb-2355-4971-93bb-89215b603bda%22:%91%22link_text_color%22%93}&#8220;]<\/p>\n<p>Die Tablet-App bietet einen historischen Rundgang anhand von <strong>7 Points of Interest, um die Gemeinde und die Geschichte verschiedener Orte zu entdecken<\/strong>, darunter die Place des Aviateurs, die Place de la Mairie oder auch das Industriegebiet von Plan-les-Ouates.<\/p>\n<p>Ausgehend von der Anforderung des Kunden, <strong>die lokale Geschichte wieder zum Leben zu erwecken<\/strong>, und nach der Vergabe des Projekts, erarbeitete das Projektteam von MEMORIST ein technisches Lastenheft f\u00fcr die Realisierung der App.<\/p>\n<p>Unsere Experten schlugen vor, 3D-Rekonstruktionen von Alltagsszenen zu erstellen, die in den Fotoarchiven der Gemeinde zu sehen sind, um diese noch glaubw\u00fcrdiger zu gestalten und die Besucher dazu anzuregen, diese Archivbilder in der App zu entdecken.<\/p>\n<p>Besonderes Augenmerk legten die Entwickler auf die Gestaltung der 3D-Figuren aus dem fr\u00fchen 19. Jahrhundert. Eine Erkundung und Erl\u00e4uterung bis ins kleinste Detail der Kleidung von Bauern und Grundbesitzern l\u00e4sst den Betrachter in das Leben der ersten Bewohner von Plan-les-Ouates eintauchen.<\/p>\n<p>Aus diesem Grund erforderte die Entwicklung der App umfangreiche historische Recherchen mit Beteiligung lokaler Akteure.<\/p>\n<p>[\/et_pb_text][\/et_pb_column][\/et_pb_row][et_pb_row column_structure=&#8220;1_3,2_3&#8243; custom_padding_last_edited=&#8220;on|tablet&#8220; _builder_version=&#8220;4.25.2&#8243; _module_preset=&#8220;default&#8220; custom_margin=&#8220;|auto||auto|false|false&#8220; custom_padding=&#8220;50px||50px||false|false&#8220; custom_padding_tablet=&#8220;50px||40px||false|false&#8220; custom_padding_phone=&#8220;50px||25px||false|false&#8220; locked=&#8220;off&#8220; global_colors_info=&#8220;{}&#8220;][et_pb_column type=&#8220;1_3&#8243; _builder_version=&#8220;4.20.0&#8243; _module_preset=&#8220;default&#8220; global_colors_info=&#8220;{}&#8220;][\/et_pb_column][et_pb_column type=&#8220;2_3&#8243; _builder_version=&#8220;4.20.0&#8243; _module_preset=&#8220;default&#8220; global_colors_info=&#8220;{}&#8220;][et_pb_text _builder_version=&#8220;4.27.0&#8243; _module_preset=&#8220;_initial&#8220; text_font_size=&#8220;1px&#8220; link_text_color=&#8220;#DD542A&#8220; header_font=&#8220;|700|||||||&#8220; header_2_font=&#8220;|700|||||||&#8220; header_2_font_size=&#8220;50px&#8220; width=&#8220;75%&#8220; custom_margin=&#8220;||||false|false&#8220; custom_margin_tablet=&#8220;-39px||||false|false&#8220; custom_margin_phone=&#8220;-30px||||false|false&#8220; custom_margin_last_edited=&#8220;off|desktop&#8220; custom_padding=&#8220;100px||||false|false&#8220; custom_padding_tablet=&#8220;80px||||false|false&#8220; custom_padding_phone=&#8220;0px||0px||false|false&#8220; custom_padding_last_edited=&#8220;on|phone&#8220; locked=&#8220;off&#8220; global_colors_info=&#8220;%91%93&#8243;]<\/p>\n<h2>Unverzichtbare historische Recherchen <\/h2>\n<p>[\/et_pb_text][\/et_pb_column][\/et_pb_row][et_pb_row column_structure=&#8220;1_2,1_2&#8243; custom_padding_last_edited=&#8220;on|tablet&#8220; _builder_version=&#8220;4.27.0&#8243; _module_preset=&#8220;default&#8220; custom_margin=&#8220;||||false|false&#8220; custom_margin_tablet=&#8220;0px|auto||auto||&#8220; custom_margin_phone=&#8220;50px|auto||auto|false|false&#8220; custom_margin_last_edited=&#8220;off|desktop&#8220; custom_padding=&#8220;||50px||false|false&#8220; custom_padding_tablet=&#8220;50px||40px||false|false&#8220; custom_padding_phone=&#8220;50px||25px||false|false&#8220; locked=&#8220;off&#8220; global_colors_info=&#8220;{}&#8220;][et_pb_column type=&#8220;1_2&#8243; _builder_version=&#8220;4.20.0&#8243; _module_preset=&#8220;default&#8220; global_colors_info=&#8220;{}&#8220;][et_pb_image src=&#8220;https:\/\/staging.thememorist.com\/wp-content\/uploads\/2026\/06\/memorist-plan-les-ouates-projektteam.webp&#8220; alt=&#8220;MEMORIST-Projektteam bei der Entwicklung der immersiven App f\u00fcr Plan-les-Ouates&#8220; title_text=&#8220;MEMORIST-Projektteam \u2013 Plan-les-Ouates&#8220; _builder_version=&#8220;4.27.0&#8243; _module_preset=&#8220;default&#8220; global_colors_info=&#8220;{}&#8220;][\/et_pb_image][\/et_pb_column][et_pb_column type=&#8220;1_2&#8243; _builder_version=&#8220;4.20.0&#8243; _module_preset=&#8220;default&#8220; global_colors_info=&#8220;{}&#8220;][et_pb_text _builder_version=&#8220;4.27.0&#8243; _module_preset=&#8220;_initial&#8220; text_font=&#8220;||||||||&#8220; text_font_size=&#8220;16px&#8220; text_letter_spacing=&#8220;0.36px&#8220; text_line_height=&#8220;23px&#8220; header_font=&#8220;||||||||&#8220; header_text_color=&#8220;RGBA(255,255,255,0)&#8220; width=&#8220;84%&#8220; custom_margin=&#8220;||||false|false&#8220; custom_margin_tablet=&#8220;-92px||||false|false&#8220; custom_margin_phone=&#8220;-30px||||false|false&#8220; custom_margin_last_edited=&#8220;off|desktop&#8220; custom_padding=&#8220;||||false|false&#8220; custom_padding_tablet=&#8220;|0px|||false|false&#8220; custom_padding_phone=&#8220;|0px|||false|false&#8220; custom_padding_last_edited=&#8220;off|desktop&#8220; global_colors_info=&#8220;{%22gcid-eece89eb-2355-4971-93bb-89215b603bda%22:%91%22link_text_color%22%93}&#8220;]Bei der Entwicklung einer historischen App muss sich die Arbeit auf zertifizierte und dokumentierte historische Quellen st\u00fctzen, mit denen die Teams die angebotenen Inhalte und Abfragefunktionen untermauern k\u00f6nnen.<\/p>\n<p>Zwischen MEMORIST und verschiedenen lokalen Akteuren wie der Archivgruppe, dem Verein \u201eLa M\u00e9moire de Plan-les-Ouates\u201c oder auch Philippe Ruffieux, dem stellvertretenden Kantonsarch\u00e4ologen, entstand eine enge Zusammenarbeit.<\/p>\n<p>Anl\u00e4sslich mehrerer Arbeitssitzungen der Projektgruppe der Gemeinde konnten die f\u00fcr das Projekt relevanten Archivbest\u00e4nde (\u00fcber 360 Fotos, Dokumente usw.) gesichtet und ermittelt werden. Nach Abschluss dieser Arbeiten verfassten die Projekt-Mitwirkenden die Texte zu den ausgew\u00e4hlten Illustrationen.[\/et_pb_text][\/et_pb_column][\/et_pb_row][et_pb_row _builder_version=&#8220;4.27.0&#8243; _module_preset=&#8220;default&#8220; global_colors_info=&#8220;{}&#8220;][et_pb_column type=&#8220;4_4&#8243; _builder_version=&#8220;4.27.0&#8243; _module_preset=&#8220;default&#8220; global_colors_info=&#8220;{}&#8220;][et_pb_text _builder_version=&#8220;4.27.0&#8243; _module_preset=&#8220;_initial&#8220; text_font=&#8220;||||||||&#8220; text_font_size=&#8220;16px&#8220; text_letter_spacing=&#8220;0.36px&#8220; text_line_height=&#8220;23px&#8220; header_font=&#8220;||||||||&#8220; header_text_color=&#8220;RGBA(255,255,255,0)&#8220; width=&#8220;84%&#8220; custom_margin=&#8220;||||false|false&#8220; custom_margin_tablet=&#8220;-92px||||false|false&#8220; custom_margin_phone=&#8220;-30px||||false|false&#8220; custom_margin_last_edited=&#8220;off|desktop&#8220; custom_padding=&#8220;||||false|false&#8220; custom_padding_tablet=&#8220;|0px|||false|false&#8220; custom_padding_phone=&#8220;|0px|||false|false&#8220; custom_padding_last_edited=&#8220;off|desktop&#8220; locked=&#8220;off&#8220; global_colors_info=&#8220;{%22gcid-eece89eb-2355-4971-93bb-89215b603bda%22:%91%22link_text_color%22%93}&#8220;]<\/p>\n<p>Auf der Grundlage des technischen Lastenhefts erstellten die Teams von MEMORIST vor Ort 360\u00b0-Fotos sowie eine Photogrammetrie einer alten Stra\u00dfenbahn, was dank der <a href=\"https:\/\/www.facebook.com\/museetramways\/?locale=fr_FR\" target=\"_blank\" rel=\"noopener\">Association Genevoise du Mus\u00e9e des Tramways<\/a> m\u00f6glich war. Auch Videos und Luftaufnahmen, die mit einer Drohne aufgenommen wurden, erg\u00e4nzen das angebotene immersive Erlebnis.<\/p>\n<p>[\/et_pb_text][\/et_pb_column][\/et_pb_row][et_pb_row column_structure=&#8220;1_3,2_3&#8243; custom_padding_last_edited=&#8220;on|tablet&#8220; _builder_version=&#8220;4.25.2&#8243; _module_preset=&#8220;default&#8220; custom_margin=&#8220;|auto||auto|false|false&#8220; custom_margin_tablet=&#8220;0px|auto||auto||&#8220; custom_margin_phone=&#8220;50px|auto||auto|false|false&#8220; custom_margin_last_edited=&#8220;off|desktop&#8220; custom_padding=&#8220;50px||50px||false|false&#8220; custom_padding_tablet=&#8220;50px||40px||false|false&#8220; custom_padding_phone=&#8220;50px||25px||false|false&#8220; locked=&#8220;off&#8220; global_colors_info=&#8220;{}&#8220;][et_pb_column type=&#8220;1_3&#8243; _builder_version=&#8220;4.20.0&#8243; _module_preset=&#8220;default&#8220; global_colors_info=&#8220;{}&#8220;][\/et_pb_column][et_pb_column type=&#8220;2_3&#8243; _builder_version=&#8220;4.20.0&#8243; _module_preset=&#8220;default&#8220; global_colors_info=&#8220;{}&#8220;][et_pb_text _builder_version=&#8220;4.27.0&#8243; _module_preset=&#8220;_initial&#8220; text_font_size=&#8220;1px&#8220; link_text_color=&#8220;#DD542A&#8220; header_2_font=&#8220;|700|||||||&#8220; header_2_font_size=&#8220;50px&#8220; width=&#8220;80%&#8220; custom_margin=&#8220;||||false|false&#8220; custom_margin_tablet=&#8220;-39px||||false|false&#8220; custom_margin_phone=&#8220;-30px||||false|false&#8220; custom_margin_last_edited=&#8220;off|desktop&#8220; custom_padding=&#8220;100px||100px||true|false&#8220; custom_padding_tablet=&#8220;80px||||false|false&#8220; custom_padding_phone=&#8220;0px||0px||false|false&#8220; custom_padding_last_edited=&#8220;on|phone&#8220; locked=&#8220;off&#8220; global_colors_info=&#8220;%91%93&#8243;]<\/p>\n<h2 class=\"title-1 title\">Start der App anl\u00e4sslich der Jubil\u00e4umsfeier<\/h2>\n<p>[\/et_pb_text][\/et_pb_column][\/et_pb_row][et_pb_row column_structure=&#8220;2_5,3_5&#8243; custom_padding_last_edited=&#8220;on|tablet&#8220; _builder_version=&#8220;4.25.2&#8243; _module_preset=&#8220;default&#8220; custom_margin=&#8220;||||false|false&#8220; custom_margin_tablet=&#8220;0px|auto||auto||&#8220; custom_margin_phone=&#8220;50px|auto||auto|false|false&#8220; custom_margin_last_edited=&#8220;off|desktop&#8220; custom_padding=&#8220;||50px||false|false&#8220; custom_padding_tablet=&#8220;50px||40px||false|false&#8220; custom_padding_phone=&#8220;50px||25px||false|false&#8220; locked=&#8220;off&#8220; global_colors_info=&#8220;{}&#8220;][et_pb_column type=&#8220;2_5&#8243; _builder_version=&#8220;4.20.0&#8243; _module_preset=&#8220;default&#8220; global_colors_info=&#8220;{}&#8220;][et_pb_text _builder_version=&#8220;4.27.0&#8243; _module_preset=&#8220;_initial&#8220; text_font=&#8220;||||||||&#8220; text_font_size=&#8220;16px&#8220; text_letter_spacing=&#8220;0.36px&#8220; text_line_height=&#8220;23px&#8220; header_font=&#8220;||||||||&#8220; header_text_color=&#8220;RGBA(255,255,255,0)&#8220; width=&#8220;84%&#8220; custom_margin=&#8220;||||false|false&#8220; custom_margin_tablet=&#8220;-92px||||false|false&#8220; custom_margin_phone=&#8220;-30px||||false|false&#8220; custom_margin_last_edited=&#8220;off|desktop&#8220; custom_padding=&#8220;||||false|false&#8220; custom_padding_tablet=&#8220;|0px|||false|false&#8220; custom_padding_phone=&#8220;|0px|||false|false&#8220; custom_padding_last_edited=&#8220;off|desktop&#8220; global_colors_info=&#8220;{%22gcid-eece89eb-2355-4971-93bb-89215b603bda%22:%91%22link_text_color%22%93}&#8220;]<\/p>\n<p>Die App wurde offiziell am Wochenende der Feierlichkeiten zum 175-j\u00e4hrigen Jubil\u00e4um der Gemeinde gestartet. Zu diesem Anlass wurden 10 VR-Headsets zur Verf\u00fcgung gestellt, damit m\u00f6glichst viele Besucher das Erlebnis testen konnten.<\/p>\n<p>Im Anschluss an die Vorstellung dieses digitalen Erlebnisses fand vom 28. bis 31. Mai eine von der Gemeinde organisierte Festwoche statt.<\/p>\n<p>MEMORIST managte bei diesem Projekt die verschiedenen Aspekte, von der Beschaffung und Konfiguration der Touchscreen-Tablets bis hin zum Verleih der VR-Headsets f\u00fcr die Einweihung.<\/p>\n<p>Unsere Experten stellten somit eine <strong>schl\u00fcsselfertige L\u00f6sung f\u00fcr den Erfolg des Kundenprojekts<\/strong> bereit.<\/p>\n<p>[\/et_pb_text][\/et_pb_column][et_pb_column type=&#8220;3_5&#8243; _builder_version=&#8220;4.20.0&#8243; _module_preset=&#8220;default&#8220; global_colors_info=&#8220;{}&#8220;][et_pb_image src=&#8220;https:\/\/staging.thememorist.com\/wp-content\/uploads\/2026\/06\/plan-les-ouates-175-jahre-app-einweihung.webp&#8220; alt=&#8220;Feier zum 175-j\u00e4hrigen Jubil\u00e4um von Plan-les-Ouates beim offiziellen Start der immersiven App&#8220; title_text=&#8220;175 Jahre Plan-les-Ouates \u2013 Start der immersiven App&#8220; _builder_version=&#8220;4.27.0&#8243; _module_preset=&#8220;default&#8220; global_colors_info=&#8220;{}&#8220;][\/et_pb_image][et_pb_text _builder_version=&#8220;4.27.0&#8243; _module_preset=&#8220;default&#8220; text_font=&#8220;|300|||||||&#8220; global_colors_info=&#8220;{}&#8220;]<\/p>\n<p>\u00a9 TeamReporters<\/p>\n<p>[\/et_pb_text][\/et_pb_column][\/et_pb_row][et_pb_row column_structure=&#8220;1_3,2_3&#8243; custom_padding_last_edited=&#8220;on|phone&#8220; _builder_version=&#8220;4.27.0&#8243; _module_preset=&#8220;default&#8220; custom_margin=&#8220;|auto||auto|false|false&#8220; custom_margin_tablet=&#8220;0px|auto||auto||&#8220; custom_margin_phone=&#8220;50px|auto||auto|false|false&#8220; custom_margin_last_edited=&#8220;off|desktop&#8220; custom_padding=&#8220;100px||0px||false|false&#8220; custom_padding_tablet=&#8220;100px||0px||false|false&#8220; custom_padding_phone=&#8220;50px||0px||false|false&#8220; locked=&#8220;off&#8220; global_colors_info=&#8220;{}&#8220;][et_pb_column type=&#8220;1_3&#8243; _builder_version=&#8220;4.20.0&#8243; _module_preset=&#8220;default&#8220; global_colors_info=&#8220;{}&#8220;][\/et_pb_column][et_pb_column type=&#8220;2_3&#8243; _builder_version=&#8220;4.20.0&#8243; _module_preset=&#8220;default&#8220; global_colors_info=&#8220;{}&#8220;][et_pb_text _builder_version=&#8220;4.27.0&#8243; _module_preset=&#8220;_initial&#8220; text_font=&#8220;HaasGrotDisp|600|||||||&#8220; text_text_color=&#8220;#000000&#8243; text_font_size=&#8220;44px&#8220; text_letter_spacing=&#8220;0.65px&#8220; text_line_height=&#8220;44px&#8220; link_text_color=&#8220;#DD542A&#8220; header_font=&#8220;|700|||||||&#8220; header_2_font=&#8220;|700|||||||&#8220; header_2_text_color=&#8220;gcid-body-color&#8220; header_2_font_size=&#8220;28px&#8220; header_3_font=&#8220;|600|||||||&#8220; header_3_text_color=&#8220;#F9F9F9&#8243; header_3_font_size=&#8220;28px&#8220; header_3_letter_spacing=&#8220;0.41px&#8220; header_3_line_height=&#8220;30px&#8220; width=&#8220;62%&#8220; custom_margin=&#8220;||||false|false&#8220; custom_margin_tablet=&#8220;150px||||false|false&#8220; custom_margin_phone=&#8220;0px||||false|false&#8220; custom_margin_last_edited=&#8220;on|phone&#8220; custom_padding=&#8220;||||false|false&#8220; custom_padding_tablet=&#8220;|||0px|false|false&#8220; custom_padding_phone=&#8220;|||0px|false|false&#8220; custom_padding_last_edited=&#8220;off|desktop&#8220; header_3_font_size_tablet=&#8220;28px&#8220; header_3_font_size_phone=&#8220;23px&#8220; header_3_font_size_last_edited=&#8220;on|tablet&#8220; header_3_letter_spacing_tablet=&#8220;0.41px&#8220; header_3_letter_spacing_phone=&#8220;0.41px&#8220; header_3_letter_spacing_last_edited=&#8220;on|phone&#8220; header_3_line_height_tablet=&#8220;30px&#8220; header_3_line_height_phone=&#8220;26px&#8220; header_3_line_height_last_edited=&#8220;on|phone&#8220; global_colors_info=&#8220;{%22gcid-body-color%22:%91%22header_2_text_color%22%93}&#8220;]<\/p>\n<h3 class=\"title-3 title\">Unsere Priorit\u00e4t: Zufriedenheit des Kunden<\/h3>\n<p>[\/et_pb_text][et_pb_text _builder_version=&#8220;4.27.0&#8243; _module_preset=&#8220;_initial&#8220; text_font=&#8220;||||||||&#8220; text_font_size=&#8220;16px&#8220; text_letter_spacing=&#8220;0.36px&#8220; text_line_height=&#8220;1.8em&#8220; header_font=&#8220;||||||||&#8220; header_text_color=&#8220;RGBA(255,255,255,0)&#8220; width=&#8220;62%&#8220; custom_margin=&#8220;||||false|false&#8220; custom_margin_tablet=&#8220;-92px||||false|false&#8220; custom_margin_phone=&#8220;-30px||||false|false&#8220; custom_margin_last_edited=&#8220;off|desktop&#8220; custom_padding=&#8220;||||false|false&#8220; custom_padding_tablet=&#8220;|0px|||false|false&#8220; custom_padding_phone=&#8220;|0px|||false|false&#8220; custom_padding_last_edited=&#8220;off|desktop&#8220; global_colors_info=&#8220;{%22gcid-eece89eb-2355-4971-93bb-89215b603bda%22:%91%22link_text_color%22%93}&#8220;]<\/p>\n<p>Nach dem Start der App im Rahmen der Feierlichkeiten bedankte sich <strong>Carine Delorme<\/strong>, Leiterin der Abteilung Kultur der Gemeinde Plan-les-Ouates: <em>\u201eDie Gemeinde Plan-les-Ouates, insbesondere die Abteilung f\u00fcr Kultur sch\u00e4tzte die Zusammenarbeit mit dem Unternehmen Memorist SA aufgrund dessen Fachkompetenz und Termintreue. Dank der Qualit\u00e4t ihrer \u201eschl\u00fcsselfertigen\u201c Leistung konnte dieses umfangreiche Projekt vertrauensvoll in Angriff genommen werden. Das Ergebnis war besonders \u00fcberzeugend: Fast 350 Personen konnten dieses immersive Projekt w\u00e4hrend der dreit\u00e4gigen Feierlichkeiten erleben. Die Besucher waren begeistert und gaben uns sehr positives Feedback. Wir bedanken uns herzlich bei Memorist SA und seinen Teams f\u00fcr ihr Know-how, ihr Engagement und ihre Professionalit\u00e4t.\u201c<\/em><\/p>\n<p>Sie k\u00f6nnen jederzeit im Rathaus vorbeischauen, um die App selbst auszuprobieren!<\/p>\n<p>M\u00f6chten Sie mehr \u00fcber unser Know-how und unsere Projekte erfahren? Dann <a href=\"https:\/\/www.thememorist.com\/de\/erfolge\/\">klicken Sie hier<\/a><\/p>\n<p>M\u00f6chten Sie uns Ihr Projekt schildern? <a href=\"https:\/\/www.thememorist.com\/de\/kontakt\/\">Klicken Sie hier<\/a><\/p>\n<p>[\/et_pb_text][et_pb_divider color=&#8220;#B3B3B3&#8243; _builder_version=&#8220;4.23.4&#8243; _module_preset=&#8220;_initial&#8220; width=&#8220;65%&#8220; width_tablet=&#8220;100%&#8220; width_phone=&#8220;100%&#8220; width_last_edited=&#8220;on|phone&#8220; module_alignment=&#8220;left&#8220; custom_margin=&#8220;0px||0px||true|false&#8220; custom_margin_tablet=&#8220;13px|||||&#8220; custom_margin_phone=&#8220;50px||||false|false&#8220; custom_margin_last_edited=&#8220;off|desktop&#8220; custom_padding=&#8220;35px||25px||false|false&#8220; custom_padding_tablet=&#8220;35px||0px||false|false&#8220; custom_padding_phone=&#8220;35px||0px||false|false&#8220; custom_padding_last_edited=&#8220;on|phone&#8220; module_alignment_tablet=&#8220;center&#8220; module_alignment_phone=&#8220;center&#8220; module_alignment_last_edited=&#8220;on|tablet&#8220; global_colors_info=&#8220;%91%93&#8243;][\/et_pb_divider][\/et_pb_column][\/et_pb_row][\/et_pb_section]<\/p>\n","protected":false},"excerpt":{"rendered":"<p>Die Gemeinde Plan-les-Ouates (Genf, Schweiz) wollte ihr 175-j\u00e4hriges Jubil\u00e4um mit einem immersiven digitalen Erlebnis feiern, das den Einwohnern die M\u00f6glichkeit gibt, die Geschichte ihrer Stadt neu zu entdecken. MEMORIST begleitete die Gemeinde bei der Umsetzung dieses innovativen immersiven Konzepts und konnte Vorschl\u00e4ge zum Inhalt und zu den angebotenen Funktionen einbringen. Der offizielle Start der Besichtigungs-App [&hellip;]<\/p>\n","protected":false},"author":12,"featured_media":255810,"comment_status":"closed","ping_status":"closed","sticky":false,"template":"","format":"standard","meta":{"_acf_changed":false,"_et_pb_use_builder":"on","_et_pb_old_content":"","_et_gb_content_width":"","inline_featured_image":false,"footnotes":""},"categories":[73],"tags":[],"acf":[],"_links":{"self":[{"href":"https:\/\/staging.thememorist.com\/de\/wp-json\/wp\/v2\/posts\/255798"}],"collection":[{"href":"https:\/\/staging.thememorist.com\/de\/wp-json\/wp\/v2\/posts"}],"about":[{"href":"https:\/\/staging.thememorist.com\/de\/wp-json\/wp\/v2\/types\/post"}],"author":[{"embeddable":true,"href":"https:\/\/staging.thememorist.com\/de\/wp-json\/wp\/v2\/users\/12"}],"replies":[{"embeddable":true,"href":"https:\/\/staging.thememorist.com\/de\/wp-json\/wp\/v2\/comments?post=255798"}],"version-history":[{"count":15,"href":"https:\/\/staging.thememorist.com\/de\/wp-json\/wp\/v2\/posts\/255798\/revisions"}],"predecessor-version":[{"id":255843,"href":"https:\/\/staging.thememorist.com\/de\/wp-json\/wp\/v2\/posts\/255798\/revisions\/255843"}],"wp:featuredmedia":[{"embeddable":true,"href":"https:\/\/staging.thememorist.com\/de\/wp-json\/wp\/v2\/media\/255810"}],"wp:attachment":[{"href":"https:\/\/staging.thememorist.com\/de\/wp-json\/wp\/v2\/media?parent=255798"}],"wp:term":[{"taxonomy":"category","embeddable":true,"href":"https:\/\/staging.thememorist.com\/de\/wp-json\/wp\/v2\/categories?post=255798"},{"taxonomy":"post_tag","embeddable":true,"href":"https:\/\/staging.thememorist.com\/de\/wp-json\/wp\/v2\/tags?post=255798"}],"curies":[{"name":"wp","href":"https:\/\/api.w.org\/{rel}","templated":true}]}}