{"id":255921,"date":"2026-08-04T10:36:13","date_gmt":"2026-08-04T10:36:13","guid":{"rendered":"https:\/\/staging.thememorist.com\/?p=255921"},"modified":"2026-08-31T16:38:24","modified_gmt":"2026-08-31T16:38:24","slug":"3d-scan-mont-saint-michel-abtei","status":"publish","type":"post","link":"https:\/\/staging.thememorist.com\/de\/neuigkeiten\/3d-scan-mont-saint-michel-abtei\/","title":{"rendered":"3D-Scan der Abtei und der \u201eMerveille\u201c"},"content":{"rendered":"<p>[et_pb_section fb_built=&#8220;1&#8243; custom_padding_last_edited=&#8220;off|desktop&#8220; _builder_version=&#8220;4.27.0&#8243; _module_preset=&#8220;default&#8220; background_color=&#8220;RGBA(255,255,255,0)&#8220; custom_margin=&#8220;100px||||false|false&#8220; custom_margin_tablet=&#8220;20px||20px||true|false&#8220; custom_margin_phone=&#8220;||||true|false&#8220; custom_margin_last_edited=&#8220;on|phone&#8220; custom_padding=&#8220;||||false|false&#8220; custom_padding_tablet=&#8220;||||false|false&#8220; custom_padding_phone=&#8220;||||false|false&#8220; global_colors_info=&#8220;{}&#8220;][et_pb_row column_structure=&#8220;1_4,3_4&#8243; _builder_version=&#8220;4.27.0&#8243; _module_preset=&#8220;default&#8220; custom_margin=&#8220;0px||0px||true|false&#8220; custom_padding=&#8220;0px||0px||true|false&#8220; locked=&#8220;off&#8220; global_colors_info=&#8220;{}&#8220;][et_pb_column type=&#8220;1_4&#8243; _builder_version=&#8220;4.20.0&#8243; _module_preset=&#8220;default&#8220; global_colors_info=&#8220;{}&#8220;][\/et_pb_column][et_pb_column type=&#8220;3_4&#8243; _builder_version=&#8220;4.20.0&#8243; _module_preset=&#8220;default&#8220; global_colors_info=&#8220;{}&#8220;][et_pb_text _builder_version=&#8220;4.27.0&#8243; _module_preset=&#8220;_initial&#8220; text_font_size=&#8220;1px&#8220; link_text_color=&#8220;#DD542A&#8220; header_font=&#8220;|700|||||||&#8220; header_text_color=&#8220;gcid-heading-color&#8220; header_font_size=&#8220;56px&#8220; header_letter_spacing=&#8220;0.9px&#8220; header_line_height=&#8220;58.2px&#8220; width=&#8220;80%&#8220; custom_margin=&#8220;0px||0px||true|false&#8220; custom_padding=&#8220;0px||0px||true|false&#8220; custom_padding_tablet=&#8220;|0px|||false|false&#8220; custom_padding_phone=&#8220;|0px|106px||false|false&#8220; custom_padding_last_edited=&#8220;off|desktop&#8220; header_font_size_tablet=&#8220;56px&#8220; header_font_size_phone=&#8220;50px&#8220; header_font_size_last_edited=&#8220;on|phone&#8220; header_letter_spacing_tablet=&#8220;0.9px&#8220; header_letter_spacing_phone=&#8220;1px&#8220; header_letter_spacing_last_edited=&#8220;on|phone&#8220; header_line_height_tablet=&#8220;58.2px&#8220; header_line_height_phone=&#8220;52px&#8220; header_line_height_last_edited=&#8220;on|tablet&#8220; global_colors_info=&#8220;{%22gcid-heading-color%22:%91%22header_text_color%22%93}&#8220;]<\/p>\n<h1>3D-Scan der Abtei und der \u201eMerveille\u201c <\/h1>\n<p>[\/et_pb_text][\/et_pb_column][\/et_pb_row][\/et_pb_section][et_pb_section fb_built=&#8220;1&#8243; _builder_version=&#8220;4.27.0&#8243; _module_preset=&#8220;default&#8220; background_color=&#8220;RGBA(255,255,255,0)&#8220; custom_margin=&#8220;5px||||false|false&#8220; custom_padding=&#8220;5px||100px||false|false&#8220; global_colors_info=&#8220;{}&#8220;][et_pb_row column_structure=&#8220;1_3,2_3&#8243; custom_padding_last_edited=&#8220;on|tablet&#8220; _builder_version=&#8220;4.25.2&#8243; _module_preset=&#8220;default&#8220; custom_margin=&#8220;|auto||auto|false|false&#8220; custom_padding=&#8220;50px||50px||false|false&#8220; custom_padding_tablet=&#8220;50px||40px||false|false&#8220; custom_padding_phone=&#8220;50px||25px||false|false&#8220; locked=&#8220;off&#8220; global_colors_info=&#8220;{}&#8220;][et_pb_column type=&#8220;1_3&#8243; _builder_version=&#8220;4.20.0&#8243; _module_preset=&#8220;default&#8220; global_colors_info=&#8220;{}&#8220;][\/et_pb_column][et_pb_column type=&#8220;2_3&#8243; _builder_version=&#8220;4.20.0&#8243; _module_preset=&#8220;default&#8220; global_colors_info=&#8220;{}&#8220;][et_pb_text _builder_version=&#8220;4.27.0&#8243; _module_preset=&#8220;_initial&#8220; text_font_size=&#8220;1px&#8220; link_text_color=&#8220;#DD542A&#8220; header_font=&#8220;|700|||||||&#8220; header_2_font=&#8220;|700|||||||&#8220; header_2_font_size=&#8220;50px&#8220; header_3_font_size=&#8220;30px&#8220; width=&#8220;75%&#8220; custom_margin=&#8220;||||false|false&#8220; custom_margin_tablet=&#8220;-39px||||false|false&#8220; custom_margin_phone=&#8220;-30px||||false|false&#8220; custom_margin_last_edited=&#8220;off|desktop&#8220; custom_padding=&#8220;||||false|false&#8220; custom_padding_tablet=&#8220;||||false|false&#8220; custom_padding_phone=&#8220;0px||0px||false|false&#8220; custom_padding_last_edited=&#8220;off|tablet&#8220; locked=&#8220;off&#8220; global_colors_info=&#8220;%91%93&#8243;]<\/p>\n<h3>UMFASSENDE DIAGNOSE ZUR ERHALTUNG UND RESTAURIERUNG <\/h3>\n<p>[\/et_pb_text][\/et_pb_column][\/et_pb_row][et_pb_row _builder_version=&#8220;4.27.0&#8243; _module_preset=&#8220;default&#8220; width_tablet=&#8220;95%&#8220; width_phone=&#8220;95%&#8220; width_last_edited=&#8220;on|tablet&#8220; custom_margin=&#8220;||||true|false&#8220; custom_padding=&#8220;||||false|false&#8220; global_colors_info=&#8220;{}&#8220;][et_pb_column type=&#8220;4_4&#8243; _builder_version=&#8220;4.25.0&#8243; _module_preset=&#8220;default&#8220; global_colors_info=&#8220;{}&#8220;][et_pb_image src=&#8220;https:\/\/staging.thememorist.com\/wp-content\/uploads\/2026\/08\/mont-saint-michel-camera-survey.webp&#8220; alt=&#8220;A technician setting up a camera and laser scanning equipment for comprehensive architectural surveys at Mont-Saint-Michel Abbey.&#8220; title_text=&#8220;mont-saint-michel-camera-survey&#8220; _builder_version=&#8220;4.27.0&#8243; _module_preset=&#8220;default&#8220; global_colors_info=&#8220;{}&#8220;][\/et_pb_image][\/et_pb_column][\/et_pb_row][et_pb_row custom_padding_last_edited=&#8220;on|tablet&#8220; _builder_version=&#8220;4.25.2&#8243; _module_preset=&#8220;default&#8220; custom_margin=&#8220;||||false|false&#8220; custom_margin_tablet=&#8220;0px|auto||auto||&#8220; custom_margin_phone=&#8220;50px|auto||auto|false|false&#8220; custom_margin_last_edited=&#8220;off|desktop&#8220; custom_padding=&#8220;||50px||false|false&#8220; custom_padding_tablet=&#8220;50px||40px||false|false&#8220; custom_padding_phone=&#8220;50px||25px||false|false&#8220; locked=&#8220;off&#8220; global_colors_info=&#8220;{}&#8220;][et_pb_column type=&#8220;4_4&#8243; _builder_version=&#8220;4.20.0&#8243; _module_preset=&#8220;default&#8220; global_colors_info=&#8220;{}&#8220;][et_pb_text _builder_version=&#8220;4.27.0&#8243; _module_preset=&#8220;_initial&#8220; text_font_size=&#8220;16px&#8220; global_colors_info=&#8220;{}&#8220;]<\/p>\n<p>Das pr\u00e4chtige Bauwerk des Mont-Saint-Michel ist den Witterungseinfl\u00fcssen besonders stark ausgesetzt, weshalb seine Erhaltung so wichtig ist. Um Restaurierungsma\u00dfnahmen einleiten zu k\u00f6nnen, wurde MEMORIST vom Centre des Mus\u00e9es nationaux mit einer Reihe umfassender Vermessungen der Abtei, ihres Unterbaus und der \u201eMerveille\u201c, d.h. des Geb\u00e4udekomplexes auf der Spitze des Klosterberges beauftragt.<\/p>\n<p>Unsere Teams setzten eine Kombination verschiedener Techniken ein: terrestrische Lasergrammetrie, luftgest\u00fctzte Photogrammetrie, tachymetrische Vermessung und georeferenzierte GPS-Positionierung. Aus dieser enormen Datenmenge (etwa 700 Scanpositionen mit mehr als 30 Milliarden Punkten) konnten Punktwolken, Orthobilder, Orthofotos und Zeichnungen gewonnen werden, die f\u00fcr die Restaurierung von gro\u00dfem Wert sind.<\/p>\n<p>[\/et_pb_text][\/et_pb_column][\/et_pb_row][et_pb_row column_structure=&#8220;1_3,2_3&#8243; custom_padding_last_edited=&#8220;on|tablet&#8220; _builder_version=&#8220;4.25.2&#8243; _module_preset=&#8220;default&#8220; custom_margin=&#8220;|auto||auto|false|false&#8220; custom_padding=&#8220;50px||50px||false|false&#8220; custom_padding_tablet=&#8220;50px||40px||false|false&#8220; custom_padding_phone=&#8220;50px||25px||false|false&#8220; locked=&#8220;off&#8220; global_colors_info=&#8220;{}&#8220;][et_pb_column type=&#8220;1_3&#8243; _builder_version=&#8220;4.20.0&#8243; _module_preset=&#8220;default&#8220; global_colors_info=&#8220;{}&#8220;][\/et_pb_column][et_pb_column type=&#8220;2_3&#8243; _builder_version=&#8220;4.20.0&#8243; _module_preset=&#8220;default&#8220; global_colors_info=&#8220;{}&#8220;][et_pb_text _builder_version=&#8220;4.27.0&#8243; _module_preset=&#8220;_initial&#8220; text_font_size=&#8220;1px&#8220; link_text_color=&#8220;#DD542A&#8220; header_font=&#8220;|700|||||||&#8220; header_2_font=&#8220;|700|||||||&#8220; header_2_font_size=&#8220;50px&#8220; width=&#8220;75%&#8220; custom_margin=&#8220;||||false|false&#8220; custom_margin_tablet=&#8220;-39px||||false|false&#8220; custom_margin_phone=&#8220;-30px||||false|false&#8220; custom_margin_last_edited=&#8220;off|desktop&#8220; custom_padding=&#8220;100px||||false|false&#8220; custom_padding_tablet=&#8220;80px||||false|false&#8220; custom_padding_phone=&#8220;0px||0px||false|false&#8220; custom_padding_last_edited=&#8220;on|phone&#8220; locked=&#8220;off&#8220; global_colors_info=&#8220;%91%93&#8243;]<\/p>\n<h2>Eine 3D-App zur Entdeckung des Mont Saint-Michel<\/h2>\n<p>[\/et_pb_text][et_pb_text _builder_version=&#8220;4.27.0&#8243; _module_preset=&#8220;_initial&#8220; text_font_size=&#8220;1px&#8220; link_text_color=&#8220;#DD542A&#8220; header_font=&#8220;|700|||||||&#8220; header_2_font=&#8220;|700|||||||&#8220; header_2_font_size=&#8220;50px&#8220; header_3_font_size=&#8220;30px&#8220; width=&#8220;75%&#8220; custom_margin=&#8220;||||false|false&#8220; custom_margin_tablet=&#8220;-39px||||false|false&#8220; custom_margin_phone=&#8220;-30px||||false|false&#8220; custom_margin_last_edited=&#8220;off|desktop&#8220; custom_padding=&#8220;||||false|false&#8220; custom_padding_tablet=&#8220;80px||||false|false&#8220; custom_padding_phone=&#8220;0px||0px||false|false&#8220; custom_padding_last_edited=&#8220;off|desktop&#8220; locked=&#8220;off&#8220; global_colors_info=&#8220;%91%93&#8243;]<\/p>\n<h3>BESICHTIGUNGS-APP MIT AUGMENTED REALITY UND 360\u00b0-PANORAMABILDERN<\/h3>\n<p>[\/et_pb_text][\/et_pb_column][\/et_pb_row][et_pb_row custom_padding_last_edited=&#8220;on|tablet&#8220; _builder_version=&#8220;4.25.2&#8243; _module_preset=&#8220;default&#8220; custom_margin=&#8220;||||false|false&#8220; custom_margin_tablet=&#8220;0px|auto||auto||&#8220; custom_margin_phone=&#8220;50px|auto||auto|false|false&#8220; custom_margin_last_edited=&#8220;off|desktop&#8220; custom_padding=&#8220;||50px||false|false&#8220; custom_padding_tablet=&#8220;50px||40px||false|false&#8220; custom_padding_phone=&#8220;50px||25px||false|false&#8220; locked=&#8220;off&#8220; global_colors_info=&#8220;{}&#8220;][et_pb_column type=&#8220;4_4&#8243; _builder_version=&#8220;4.20.0&#8243; _module_preset=&#8220;default&#8220; global_colors_info=&#8220;{}&#8220;][et_pb_text _builder_version=&#8220;4.27.0&#8243; _module_preset=&#8220;_initial&#8220; text_font_size=&#8220;16px&#8220; global_colors_info=&#8220;{}&#8220;]<\/p>\n<p>In Zusammenarbeit mit ALTO entwickelten wir eine App f\u00fcr die Besichtigung des Mont Saint-Michel mit 3D-Inhalten, die auf der Grundlage unserer 3D-Scans modelliert wurden. Diese App bietet eine historische Nachbildung des Ortes, insbesondere von sechs R\u00e4umen mit 3D-Figuren in verschiedenen Epochen. Ausgestattet mit einem Headset, das ein vollst\u00e4ndiges Eintauchen in die Augmented Reality erm\u00f6glicht, k\u00f6nnen Sie die architektonische und religi\u00f6se Geschichte dieses Wahrzeichens des franz\u00f6sischen Kulturerbes, das im Mittelalter ein politischer und kultureller Knotenpunkt sowie ein Wallfahrtsort war, hautnah erleben.<\/p>\n<p>[\/et_pb_text][\/et_pb_column][\/et_pb_row][et_pb_row _builder_version=&#8220;4.27.0&#8243; _module_preset=&#8220;default&#8220; custom_margin=&#8220;||||false|false&#8220; custom_padding=&#8220;30px||||false|false&#8220; global_colors_info=&#8220;{}&#8220;][et_pb_column type=&#8220;4_4&#8243; _builder_version=&#8220;4.27.0&#8243; _module_preset=&#8220;default&#8220; custom_padding=&#8220;||||false|false&#8220; custom_css_main_element=&#8220;display: flex;||gap: 12px;||align-items: center;&#8220; global_colors_info=&#8220;{}&#8220; custom_css_main_element_last_edited=&#8220;on|phone&#8220; custom_css_main_element_tablet=&#8220;display: flex;||gap: 12px;||align-items: center;&#8220; custom_css_main_element_phone=&#8220;display: flex;||gap: 12px;||align-items: center;&#8220;][et_pb_image src=&#8220;https:\/\/staging.thememorist.com\/wp-content\/uploads\/2026\/08\/mont-saint-michel-augmented-reality-app.webp&#8220; alt=&#8220;Mobile app interface displaying an augmented reality view of historical rooms and 3D characters inside the Mont-Saint-Michel Abbey.&#8220; title_text=&#8220;Augmented reality view with 3D characters in the Mont-Saint-Michel tour app&#8220; show_bottom_space=&#8220;off&#8220; _builder_version=&#8220;4.27.0&#8243; _module_preset=&#8220;default&#8220; custom_margin=&#8220;||||false|false&#8220; custom_padding=&#8220;||||false|false&#8220; custom_css_free_form=&#8220;.et_pb_row_9 .et_pb_image_wrap {||    display: block;||    height: 500px; \/* choose your height *\/||}||||.et_pb_row_9 .et_pb_image_wrap img {||    width: 100%;||    height: 100%;||    object-fit: cover;||    display: block;||}&#8220; global_colors_info=&#8220;{}&#8220;][\/et_pb_image][et_pb_image src=&#8220;https:\/\/staging.thememorist.com\/wp-content\/uploads\/2026\/08\/mont-saint-michel-3d-app-interior.webp&#8220; alt=&#8220;Screenshot of the Mont-Saint-Michel 3D tour application showing historical room interiors, zoom functions, and interactive navigation icons.&#8220; title_text=&#8220;Interactive 3D tour app interior with navigation icons for Mont-Saint-Michel&#8220; _builder_version=&#8220;4.27.0&#8243; _module_preset=&#8220;default&#8220; global_colors_info=&#8220;{}&#8220;][\/et_pb_image][\/et_pb_column][\/et_pb_row][et_pb_row column_structure=&#8220;1_3,2_3&#8243; custom_padding_last_edited=&#8220;on|tablet&#8220; _builder_version=&#8220;4.25.2&#8243; _module_preset=&#8220;default&#8220; custom_margin=&#8220;|auto||auto|false|false&#8220; custom_padding=&#8220;50px||50px||false|false&#8220; custom_padding_tablet=&#8220;50px||40px||false|false&#8220; custom_padding_phone=&#8220;50px||25px||false|false&#8220; locked=&#8220;off&#8220; global_colors_info=&#8220;{}&#8220;][et_pb_column type=&#8220;1_3&#8243; _builder_version=&#8220;4.20.0&#8243; _module_preset=&#8220;default&#8220; global_colors_info=&#8220;{}&#8220;][\/et_pb_column][et_pb_column type=&#8220;2_3&#8243; _builder_version=&#8220;4.20.0&#8243; _module_preset=&#8220;default&#8220; global_colors_info=&#8220;{}&#8220;][et_pb_text _builder_version=&#8220;4.27.0&#8243; _module_preset=&#8220;_initial&#8220; text_font_size=&#8220;1px&#8220; link_text_color=&#8220;#DD542A&#8220; header_font=&#8220;|700|||||||&#8220; header_2_font=&#8220;|700|||||||&#8220; header_2_font_size=&#8220;50px&#8220; width=&#8220;75%&#8220; custom_margin=&#8220;||||false|false&#8220; custom_margin_tablet=&#8220;-39px||||false|false&#8220; custom_margin_phone=&#8220;-30px||||false|false&#8220; custom_margin_last_edited=&#8220;off|desktop&#8220; custom_padding=&#8220;100px||||false|false&#8220; custom_padding_tablet=&#8220;80px||||false|false&#8220; custom_padding_phone=&#8220;0px||0px||false|false&#8220; custom_padding_last_edited=&#8220;on|phone&#8220; locked=&#8220;off&#8220; global_colors_info=&#8220;%91%93&#8243;]<\/p>\n<h2>Historische 3D-Rekonstruktion und Wei\u00dfmodell f\u00fcr eine ARTE-Dokumentation<\/h2>\n<p>[\/et_pb_text][et_pb_text _builder_version=&#8220;4.27.0&#8243; _module_preset=&#8220;_initial&#8220; text_font_size=&#8220;1px&#8220; link_text_color=&#8220;#DD542A&#8220; header_font=&#8220;|700|||||||&#8220; header_2_font=&#8220;|700|||||||&#8220; header_2_font_size=&#8220;50px&#8220; header_3_font_size=&#8220;30px&#8220; width=&#8220;75%&#8220; custom_margin=&#8220;||||false|false&#8220; custom_margin_tablet=&#8220;-39px||||false|false&#8220; custom_margin_phone=&#8220;-30px||||false|false&#8220; custom_margin_last_edited=&#8220;off|desktop&#8220; custom_padding=&#8220;||||false|false&#8220; custom_padding_tablet=&#8220;80px||||false|false&#8220; custom_padding_phone=&#8220;0px||0px||false|false&#8220; custom_padding_last_edited=&#8220;off|desktop&#8220; locked=&#8220;off&#8220; global_colors_info=&#8220;%91%93&#8243;]<\/p>\n<h3>VERFOLGUNG ARCHITEKTONISCHER ENTWICKLUNGEN<\/h3>\n<p>[\/et_pb_text][\/et_pb_column][\/et_pb_row][et_pb_row custom_padding_last_edited=&#8220;on|tablet&#8220; _builder_version=&#8220;4.25.2&#8243; _module_preset=&#8220;default&#8220; custom_margin=&#8220;||||false|false&#8220; custom_margin_tablet=&#8220;0px|auto||auto||&#8220; custom_margin_phone=&#8220;50px|auto||auto|false|false&#8220; custom_margin_last_edited=&#8220;off|desktop&#8220; custom_padding=&#8220;||50px||false|false&#8220; custom_padding_tablet=&#8220;50px||40px||false|false&#8220; custom_padding_phone=&#8220;50px||25px||false|false&#8220; locked=&#8220;off&#8220; global_colors_info=&#8220;{}&#8220;][et_pb_column type=&#8220;4_4&#8243; _builder_version=&#8220;4.20.0&#8243; _module_preset=&#8220;default&#8220; global_colors_info=&#8220;{}&#8220;][et_pb_text _builder_version=&#8220;4.27.0&#8243; _module_preset=&#8220;_initial&#8220; text_font_size=&#8220;16px&#8220; global_colors_info=&#8220;{}&#8220;]<\/p>\n<p>F\u00fcr die Produktion des Dokumentarfilms \u201eDas r\u00e4tselhafte Labyrinth (Produktion: ARTE, G\u00e9d\u00e9on Programmes, Inrap, CNRS und CMN) erstellten unsere Teams historische 3D-Rekonstruktionen und ein animiertes Wei\u00dfmodell der Abtei des Mont Saint-Michel. Die Punktwolken-Sequenzen und 3D-Animationen zur architektonischen Entwicklung des \u201eWunders des Abendlandes\u201c stammen aus mehreren Digitalisierungskampagnen (mittels Lasergrammetrie und Photogrammetrie).<\/p>\n<p>[\/et_pb_text][\/et_pb_column][\/et_pb_row][et_pb_row _builder_version=&#8220;4.27.0&#8243; _module_preset=&#8220;default&#8220; custom_margin=&#8220;||||false|false&#8220; custom_padding=&#8220;30px||||false|false&#8220; global_colors_info=&#8220;{}&#8220;][et_pb_column type=&#8220;4_4&#8243; _builder_version=&#8220;4.27.0&#8243; _module_preset=&#8220;default&#8220; custom_padding=&#8220;||||false|false&#8220; custom_css_main_element=&#8220;display: flex;||gap: 12px;||align-items: center;&#8220; global_colors_info=&#8220;{}&#8220; custom_css_main_element_last_edited=&#8220;on|phone&#8220; custom_css_main_element_tablet=&#8220;display: flex;||gap: 12px;||align-items: center;&#8220; custom_css_main_element_phone=&#8220;display: flex;||gap: 12px;||align-items: center;&#8220;][et_pb_image src=&#8220;https:\/\/staging.thememorist.com\/wp-content\/uploads\/2026\/08\/mont-saint-michel-white-model-animation.jpg&#8220; alt=&#8220;Animated white model and point cloud sequence illustrating the structural developments of the Merveille building at Mont-Saint-Michel.&#8220; title_text=&#8220;Animated white 3D architectural model for the ARTE documentary &#8220; show_bottom_space=&#8220;off&#8220; _builder_version=&#8220;4.27.0&#8243; _module_preset=&#8220;default&#8220; custom_margin=&#8220;||||false|false&#8220; custom_padding=&#8220;||||false|false&#8220; custom_css_free_form=&#8220;.et_pb_row_9 .et_pb_image_wrap {||    display: block;||    height: 500px; \/* choose your height *\/||}||||.et_pb_row_9 .et_pb_image_wrap img {||    width: 100%;||    height: 100%;||    object-fit: cover;||    display: block;||}&#8220; global_colors_info=&#8220;{}&#8220;][\/et_pb_image][et_pb_image src=&#8220;https:\/\/staging.thememorist.com\/wp-content\/uploads\/2026\/08\/mont-saint-michel-3d-historical-reconstruction.jpg&#8220; alt=&#8220;Detailed 3D historical reconstruction showing the architectural evolution of the Merveille building at Mont-Saint-Michel for the ARTE documentary&#8220; title_text=&#8220;3D historical reconstruction model of the Merveille building&#8220; _builder_version=&#8220;4.27.0&#8243; _module_preset=&#8220;default&#8220; global_colors_info=&#8220;{}&#8220;][\/et_pb_image][\/et_pb_column][\/et_pb_row][et_pb_row custom_padding_last_edited=&#8220;on|tablet&#8220; _builder_version=&#8220;4.25.2&#8243; _module_preset=&#8220;default&#8220; custom_margin=&#8220;||||false|false&#8220; custom_margin_tablet=&#8220;0px|auto||auto||&#8220; custom_margin_phone=&#8220;50px|auto||auto|false|false&#8220; custom_margin_last_edited=&#8220;off|desktop&#8220; custom_padding=&#8220;||50px||false|false&#8220; custom_padding_tablet=&#8220;50px||40px||false|false&#8220; custom_padding_phone=&#8220;50px||25px||false|false&#8220; locked=&#8220;off&#8220; global_colors_info=&#8220;{}&#8220;][et_pb_column type=&#8220;4_4&#8243; _builder_version=&#8220;4.20.0&#8243; _module_preset=&#8220;default&#8220; global_colors_info=&#8220;{}&#8220;][et_pb_text _builder_version=&#8220;4.27.0&#8243; _module_preset=&#8220;_initial&#8220; text_font_size=&#8220;16px&#8220; global_colors_info=&#8220;{}&#8220;]<\/p>\n<p>M\u00f6chten Sie mehr \u00fcber unser Know-how und unsere Projekte erfahren? Dann <a href=\"https:\/\/www.thememorist.com\/de\/erfolge\/?_gl=1*5aq8rc*_up*MQ..*_ga*MTcwNzMyMjY0NC4xNzgzNDk5NTU3*_ga_RNEWS5Z8DZ*czE3ODM0OTk1NTckbzEkZzEkdDE3ODM1MDA2MjEkajYwJGwwJGgw\" target=\"_blank\" rel=\"noopener\">klicken Sie hier<\/a><\/p>\n<p>M\u00f6chten Sie uns Ihr Projekt schildern? <a href=\"https:\/\/www.thememorist.com\/de\/kontakt\/?_gl=1*1ncj222*_up*MQ..*_ga*MTcwNzMyMjY0NC4xNzgzNDk5NTU3*_ga_RNEWS5Z8DZ*czE3ODM0OTk1NTckbzEkZzEkdDE3ODM1MDA1NzQkajQ2JGwwJGgw\" target=\"_blank\" rel=\"noopener\">Klicken Sie hier<\/a><\/p>\n<p>[\/et_pb_text][\/et_pb_column][\/et_pb_row][\/et_pb_section]<\/p>\n","protected":false},"excerpt":{"rendered":"<p>3D-Scan der Abtei und der \u201eMerveille\u201c UMFASSENDE DIAGNOSE ZUR ERHALTUNG UND RESTAURIERUNG Das pr\u00e4chtige Bauwerk des Mont-Saint-Michel ist den Witterungseinfl\u00fcssen besonders stark ausgesetzt, weshalb seine Erhaltung so wichtig ist. Um Restaurierungsma\u00dfnahmen einleiten zu k\u00f6nnen, wurde MEMORIST vom Centre des Mus\u00e9es nationaux mit einer Reihe umfassender Vermessungen der Abtei, ihres Unterbaus und der \u201eMerveille\u201c, d.h. des [&hellip;]<\/p>\n","protected":false},"author":19,"featured_media":255923,"comment_status":"closed","ping_status":"closed","sticky":false,"template":"","format":"standard","meta":{"_acf_changed":false,"_et_pb_use_builder":"on","_et_pb_old_content":"","_et_gb_content_width":"","inline_featured_image":false,"footnotes":""},"categories":[73],"tags":[],"acf":[],"_links":{"self":[{"href":"https:\/\/staging.thememorist.com\/de\/wp-json\/wp\/v2\/posts\/255921"}],"collection":[{"href":"https:\/\/staging.thememorist.com\/de\/wp-json\/wp\/v2\/posts"}],"about":[{"href":"https:\/\/staging.thememorist.com\/de\/wp-json\/wp\/v2\/types\/post"}],"author":[{"embeddable":true,"href":"https:\/\/staging.thememorist.com\/de\/wp-json\/wp\/v2\/users\/19"}],"replies":[{"embeddable":true,"href":"https:\/\/staging.thememorist.com\/de\/wp-json\/wp\/v2\/comments?post=255921"}],"version-history":[{"count":4,"href":"https:\/\/staging.thememorist.com\/de\/wp-json\/wp\/v2\/posts\/255921\/revisions"}],"predecessor-version":[{"id":255948,"href":"https:\/\/staging.thememorist.com\/de\/wp-json\/wp\/v2\/posts\/255921\/revisions\/255948"}],"wp:featuredmedia":[{"embeddable":true,"href":"https:\/\/staging.thememorist.com\/de\/wp-json\/wp\/v2\/media\/255923"}],"wp:attachment":[{"href":"https:\/\/staging.thememorist.com\/de\/wp-json\/wp\/v2\/media?parent=255921"}],"wp:term":[{"taxonomy":"category","embeddable":true,"href":"https:\/\/staging.thememorist.com\/de\/wp-json\/wp\/v2\/categories?post=255921"},{"taxonomy":"post_tag","embeddable":true,"href":"https:\/\/staging.thememorist.com\/de\/wp-json\/wp\/v2\/tags?post=255921"}],"curies":[{"name":"wp","href":"https:\/\/api.w.org\/{rel}","templated":true}]}}