{"id":255949,"date":"2026-08-31T15:22:51","date_gmt":"2026-08-31T15:22:51","guid":{"rendered":"https:\/\/staging.thememorist.com\/?p=255949"},"modified":"2026-08-31T15:33:57","modified_gmt":"2026-08-31T15:33:57","slug":"3d-scan-notre-dame-paris","status":"publish","type":"post","link":"https:\/\/staging.thememorist.com\/de\/neuigkeiten\/3d-scan-notre-dame-paris\/","title":{"rendered":"Notre-Dame de Paris: 3D-Scan und BIM-Modell f\u00fcr den Wiederaufbau"},"content":{"rendered":"<p>[et_pb_section fb_built=&#8220;1&#8243; custom_padding_last_edited=&#8220;off|desktop&#8220; _builder_version=&#8220;4.27.0&#8243; _module_preset=&#8220;default&#8220; background_color=&#8220;RGBA(255,255,255,0)&#8220; custom_margin=&#8220;100px||||false|false&#8220; custom_margin_tablet=&#8220;20px||20px||true|false&#8220; custom_margin_phone=&#8220;||||true|false&#8220; custom_margin_last_edited=&#8220;on|phone&#8220; custom_padding=&#8220;||||false|false&#8220; custom_padding_tablet=&#8220;||||false|false&#8220; custom_padding_phone=&#8220;||||false|false&#8220; global_colors_info=&#8220;{}&#8220;][et_pb_row column_structure=&#8220;1_4,3_4&#8243; _builder_version=&#8220;4.27.0&#8243; _module_preset=&#8220;default&#8220; custom_margin=&#8220;0px||0px||true|false&#8220; custom_padding=&#8220;0px||0px||true|false&#8220; locked=&#8220;off&#8220; global_colors_info=&#8220;{}&#8220;][et_pb_column type=&#8220;1_4&#8243; _builder_version=&#8220;4.20.0&#8243; _module_preset=&#8220;default&#8220; global_colors_info=&#8220;{}&#8220;][\/et_pb_column][et_pb_column type=&#8220;3_4&#8243; _builder_version=&#8220;4.20.0&#8243; _module_preset=&#8220;default&#8220; global_colors_info=&#8220;{}&#8220;][et_pb_text _builder_version=&#8220;4.27.0&#8243; _module_preset=&#8220;_initial&#8220; text_font_size=&#8220;1px&#8220; link_text_color=&#8220;#DD542A&#8220; header_font=&#8220;|700|||||||&#8220; header_text_color=&#8220;gcid-heading-color&#8220; header_font_size=&#8220;56px&#8220; header_letter_spacing=&#8220;0.9px&#8220; header_line_height=&#8220;58.2px&#8220; width=&#8220;80%&#8220; custom_margin=&#8220;0px||0px||true|false&#8220; custom_padding=&#8220;0px||0px||true|false&#8220; custom_padding_tablet=&#8220;|0px|||false|false&#8220; custom_padding_phone=&#8220;|0px|106px||false|false&#8220; custom_padding_last_edited=&#8220;off|desktop&#8220; header_font_size_tablet=&#8220;56px&#8220; header_font_size_phone=&#8220;50px&#8220; header_font_size_last_edited=&#8220;on|phone&#8220; header_letter_spacing_tablet=&#8220;0.9px&#8220; header_letter_spacing_phone=&#8220;1px&#8220; header_letter_spacing_last_edited=&#8220;on|phone&#8220; header_line_height_tablet=&#8220;58.2px&#8220; header_line_height_phone=&#8220;52px&#8220; header_line_height_last_edited=&#8220;on|tablet&#8220; global_colors_info=&#8220;{%22gcid-heading-color%22:%91%22header_text_color%22%93}&#8220;]<\/p>\n<h1>Notre-Dame de Paris <\/h1>\n<p>[\/et_pb_text][\/et_pb_column][\/et_pb_row][\/et_pb_section][et_pb_section fb_built=&#8220;1&#8243; _builder_version=&#8220;4.27.0&#8243; _module_preset=&#8220;default&#8220; background_color=&#8220;RGBA(255,255,255,0)&#8220; custom_margin=&#8220;5px||||false|false&#8220; custom_padding=&#8220;5px||100px||false|false&#8220; global_colors_info=&#8220;{}&#8220;][et_pb_row _builder_version=&#8220;4.27.0&#8243; _module_preset=&#8220;default&#8220; width_tablet=&#8220;95%&#8220; width_phone=&#8220;95%&#8220; width_last_edited=&#8220;on|tablet&#8220; custom_margin=&#8220;||||true|false&#8220; custom_padding=&#8220;||||false|false&#8220; global_colors_info=&#8220;{}&#8220;][et_pb_column type=&#8220;4_4&#8243; _builder_version=&#8220;4.25.0&#8243; _module_preset=&#8220;default&#8220; global_colors_info=&#8220;{}&#8220;][et_pb_image src=&#8220;https:\/\/staging.thememorist.com\/wp-content\/uploads\/2026\/08\/notre-dame-interior-3d-digital-model.webp&#8220; alt=&#8220;Photorealistic 3D computer-generated view of the vaulted nave and stone columns inside Notre-Dame Cathedral prior to the fire.&#8220; title_text=&#8220;notre-dame-interior-3d-digital-model&#8220; _builder_version=&#8220;4.27.0&#8243; _module_preset=&#8220;default&#8220; global_colors_info=&#8220;{}&#8220;][\/et_pb_image][\/et_pb_column][\/et_pb_row][et_pb_row column_structure=&#8220;1_3,2_3&#8243; custom_padding_last_edited=&#8220;on|tablet&#8220; _builder_version=&#8220;4.25.2&#8243; _module_preset=&#8220;default&#8220; custom_margin=&#8220;|auto||auto|false|false&#8220; custom_padding=&#8220;50px||50px||false|false&#8220; custom_padding_tablet=&#8220;50px||40px||false|false&#8220; custom_padding_phone=&#8220;50px||25px||false|false&#8220; locked=&#8220;off&#8220; global_colors_info=&#8220;{}&#8220;][et_pb_column type=&#8220;1_3&#8243; _builder_version=&#8220;4.20.0&#8243; _module_preset=&#8220;default&#8220; global_colors_info=&#8220;{}&#8220;][\/et_pb_column][et_pb_column type=&#8220;2_3&#8243; _builder_version=&#8220;4.20.0&#8243; _module_preset=&#8220;default&#8220; global_colors_info=&#8220;{}&#8220;][et_pb_text _builder_version=&#8220;4.27.0&#8243; _module_preset=&#8220;_initial&#8220; text_font_size=&#8220;1px&#8220; link_text_color=&#8220;#DD542A&#8220; header_font=&#8220;|700|||||||&#8220; header_2_font=&#8220;|700|||||||&#8220; header_2_font_size=&#8220;50px&#8220; width=&#8220;75%&#8220; custom_margin=&#8220;||||false|false&#8220; custom_margin_tablet=&#8220;-39px||||false|false&#8220; custom_margin_phone=&#8220;-30px||||false|false&#8220; custom_margin_last_edited=&#8220;off|desktop&#8220; custom_padding=&#8220;100px||||false|false&#8220; custom_padding_tablet=&#8220;80px||||false|false&#8220; custom_padding_phone=&#8220;0px||0px||false|false&#8220; custom_padding_last_edited=&#8220;on|phone&#8220; locked=&#8220;off&#8220; global_colors_info=&#8220;%91%93&#8243;]<\/p>\n<h2>Ein Notfall-3D-Scan<\/h2>\n<p>[\/et_pb_text][et_pb_text _builder_version=&#8220;4.27.0&#8243; _module_preset=&#8220;_initial&#8220; text_font_size=&#8220;1px&#8220; link_text_color=&#8220;#DD542A&#8220; header_font=&#8220;|700|||||||&#8220; header_2_font=&#8220;|700|||||||&#8220; header_2_font_size=&#8220;50px&#8220; header_3_font_size=&#8220;30px&#8220; width=&#8220;75%&#8220; custom_margin=&#8220;||||false|false&#8220; custom_margin_tablet=&#8220;-39px||||false|false&#8220; custom_margin_phone=&#8220;-30px||||false|false&#8220; custom_margin_last_edited=&#8220;off|desktop&#8220; custom_padding=&#8220;||||false|false&#8220; custom_padding_tablet=&#8220;80px||||false|false&#8220; custom_padding_phone=&#8220;0px||0px||false|false&#8220; custom_padding_last_edited=&#8220;off|desktop&#8220; locked=&#8220;off&#8220; global_colors_info=&#8220;%91%93&#8243;]<\/p>\n<h3>ERSTER SCHRITT DES WIEDERAUFBAUS<\/h3>\n<p>[\/et_pb_text][\/et_pb_column][\/et_pb_row][et_pb_row custom_padding_last_edited=&#8220;on|tablet&#8220; _builder_version=&#8220;4.25.2&#8243; _module_preset=&#8220;default&#8220; custom_margin=&#8220;||||false|false&#8220; custom_margin_tablet=&#8220;0px|auto||auto||&#8220; custom_margin_phone=&#8220;50px|auto||auto|false|false&#8220; custom_margin_last_edited=&#8220;off|desktop&#8220; custom_padding=&#8220;||50px||false|false&#8220; custom_padding_tablet=&#8220;50px||40px||false|false&#8220; custom_padding_phone=&#8220;50px||25px||false|false&#8220; locked=&#8220;off&#8220; global_colors_info=&#8220;{}&#8220;][et_pb_column type=&#8220;4_4&#8243; _builder_version=&#8220;4.20.0&#8243; _module_preset=&#8220;default&#8220; global_colors_info=&#8220;{}&#8220;][et_pb_text _builder_version=&#8220;4.27.0&#8243; _module_preset=&#8220;_initial&#8220; text_font_size=&#8220;16px&#8220; global_colors_info=&#8220;{}&#8220;]<\/p>\n<p>Im Auftrag der Chefarchitekten der franz\u00f6sischen Denkmalschutzbeh\u00f6rde, der DRAC (regionale Beh\u00f6rde f\u00fcr kulturelle Angelegenheiten), des Amts f\u00fcr Denkmalpflege der Region \u00cele-de-France und des Pr\u00e4fekten der Region \u00cele-de-France f\u00fchrte das Team von MEMORIST in Zusammenarbeit mit FARO einen Notfalleinsatz zur Rettung von Notre-Dame nach dem Brand im Jahr 2019 durch und erstellte innerhalb eines Tages einen pr\u00e4zisen 3D-Scan des Bauwerks, um eine Diagnose der Sch\u00e4den zu erstellen.<\/p>\n<p>Die bei diesen ersten 3D-Vermessungen nach dem Brand erfassten Daten k\u00f6nnen mit den vor dem Brand aufgezeichneten Daten verglichen werden und liefern so n\u00fctzliche Informationen f\u00fcr den Wiederaufbau und die laufenden Ermittlungen. Die gesamten Daten von MEMORIST bieten allen Gewerken eine zuverl\u00e4ssige Grundlage aus 3D-Vermessungsdaten, Bildern und technischen Unterlagen der Kathedrale, insbesondere der am st\u00e4rksten besch\u00e4digten Teile.<\/p>\n<p>[\/et_pb_text][\/et_pb_column][\/et_pb_row][et_pb_row _builder_version=&#8220;4.27.0&#8243; _module_preset=&#8220;default&#8220; custom_margin=&#8220;||||false|false&#8220; custom_padding=&#8220;30px||||false|false&#8220; global_colors_info=&#8220;{}&#8220;][et_pb_column type=&#8220;4_4&#8243; _builder_version=&#8220;4.27.0&#8243; _module_preset=&#8220;default&#8220; custom_padding=&#8220;||||false|false&#8220; custom_css_main_element=&#8220;display: flex;||gap: 12px;||align-items: center;&#8220; global_colors_info=&#8220;{}&#8220; custom_css_main_element_last_edited=&#8220;on|phone&#8220; custom_css_main_element_tablet=&#8220;display: flex;||gap: 12px;||align-items: center;&#8220; custom_css_main_element_phone=&#8220;display: flex;||gap: 12px;||align-items: center;&#8220;][et_pb_image src=&#8220;https:\/\/staging.thememorist.com\/wp-content\/uploads\/2026\/08\/technician-drone-survey-notre-dame-interior.jpg&#8220; alt=&#8220;A technician in protective gear operating a drone and survey equipment inside the historic nave of Notre-Dame Cathedral during post-fire assessments.&#8220; title_text=&#8220;Technician conducting drone survey inside Notre-Dame Cathedral&#8220; show_bottom_space=&#8220;off&#8220; _builder_version=&#8220;4.27.0&#8243; _module_preset=&#8220;default&#8220; custom_margin=&#8220;||||false|false&#8220; custom_padding=&#8220;||||false|false&#8220; custom_css_free_form=&#8220;.et_pb_row_9 .et_pb_image_wrap {||    display: block;||    height: 500px; \/* choose your height *\/||}||||.et_pb_row_9 .et_pb_image_wrap img {||    width: 100%;||    height: 100%;||    object-fit: cover;||    display: block;||}&#8220; global_colors_info=&#8220;{}&#8220;][\/et_pb_image][et_pb_image src=&#8220;https:\/\/staging.thememorist.com\/wp-content\/uploads\/2026\/08\/notre-dame-post-fire-aerial-survey.jpg&#8220; alt=&#8220;High-altitude aerial drone photograph capturing the damaged roof structure, remaining scaffolding, and interior vault collapse of Notre-Dame Cathedral.&#8220; title_text=&#8220;notre-dame-post-fire-aerial-survey&#8220; _builder_version=&#8220;4.27.0&#8243; _module_preset=&#8220;default&#8220; global_colors_info=&#8220;{}&#8220;][\/et_pb_image][\/et_pb_column][\/et_pb_row][et_pb_row column_structure=&#8220;1_3,2_3&#8243; custom_padding_last_edited=&#8220;on|tablet&#8220; _builder_version=&#8220;4.25.2&#8243; _module_preset=&#8220;default&#8220; custom_margin=&#8220;|auto||auto|false|false&#8220; custom_padding=&#8220;50px||50px||false|false&#8220; custom_padding_tablet=&#8220;50px||40px||false|false&#8220; custom_padding_phone=&#8220;50px||25px||false|false&#8220; locked=&#8220;off&#8220; global_colors_info=&#8220;{}&#8220;][et_pb_column type=&#8220;1_3&#8243; _builder_version=&#8220;4.20.0&#8243; _module_preset=&#8220;default&#8220; global_colors_info=&#8220;{}&#8220;][\/et_pb_column][et_pb_column type=&#8220;2_3&#8243; _builder_version=&#8220;4.20.0&#8243; _module_preset=&#8220;default&#8220; global_colors_info=&#8220;{}&#8220;][et_pb_text _builder_version=&#8220;4.27.0&#8243; _module_preset=&#8220;_initial&#8220; text_font_size=&#8220;1px&#8220; link_text_color=&#8220;#DD542A&#8220; header_font=&#8220;|700|||||||&#8220; header_2_font=&#8220;|700|||||||&#8220; header_2_font_size=&#8220;50px&#8220; width=&#8220;75%&#8220; custom_margin=&#8220;||||false|false&#8220; custom_margin_tablet=&#8220;-39px||||false|false&#8220; custom_margin_phone=&#8220;-30px||||false|false&#8220; custom_margin_last_edited=&#8220;off|desktop&#8220; custom_padding=&#8220;100px||||false|false&#8220; custom_padding_tablet=&#8220;80px||||false|false&#8220; custom_padding_phone=&#8220;0px||0px||false|false&#8220; custom_padding_last_edited=&#8220;on|phone&#8220; locked=&#8220;off&#8220; global_colors_info=&#8220;%91%93&#8243;]<\/p>\n<h2>Milliarden von Punkten f\u00fcr die gesamte Kathedrale <\/h2>\n<p>[\/et_pb_text][\/et_pb_column][\/et_pb_row][et_pb_row custom_padding_last_edited=&#8220;on|tablet&#8220; _builder_version=&#8220;4.25.2&#8243; _module_preset=&#8220;default&#8220; custom_margin=&#8220;||||false|false&#8220; custom_margin_tablet=&#8220;0px|auto||auto||&#8220; custom_margin_phone=&#8220;50px|auto||auto|false|false&#8220; custom_margin_last_edited=&#8220;off|desktop&#8220; custom_padding=&#8220;||50px||false|false&#8220; custom_padding_tablet=&#8220;50px||40px||false|false&#8220; custom_padding_phone=&#8220;50px||25px||false|false&#8220; locked=&#8220;off&#8220; global_colors_info=&#8220;{}&#8220;][et_pb_column type=&#8220;4_4&#8243; _builder_version=&#8220;4.20.0&#8243; _module_preset=&#8220;default&#8220; global_colors_info=&#8220;{}&#8220;][et_pb_text _builder_version=&#8220;4.27.0&#8243; _module_preset=&#8220;_initial&#8220; text_font_size=&#8220;16px&#8220; custom_css_free_form=&#8220;.et_pb_text ul {||    padding-left: 30px;||    margin-left: 0;||}||||.et_pb_text li {||    padding-left: 5px;||    margin-bottom: 12px;||}&#8220; global_colors_info=&#8220;{}&#8220;]<\/p>\n<p>In den 25 Jahren seines Bestehens f\u00fchrte MEMORIST mehrere 3D-Vermessungen mittels Laserscan-Techniken (Lasergrammetrie) und Photogrammetrie in der Kathedrale durch. Anhand dieser Daten konnten alle Scans (Punktwolken) des Daches, des Dachstuhls (des \u201eWaldes\u201c) und des Vierungsturms rekonstruiert werden \u2013 also jener Elemente, die bei dem Brand zerst\u00f6rt wurden.<\/p>\n<p>F\u00fcr den Dachstuhl handelt es sich um:<\/p>\n<ul>\n<li>150 Scans mit millimetergenauer Pr\u00e4zision, die insgesamt 3 bis 5 Milliarden Punkte umfassen;<\/li>\n<li>Die au\u00dfergew\u00f6hnlich hohe Punktdichte (etwa 1 bis 2 Punkte pro mm\u00b2) erm\u00f6glicht eine einzigartige Wiedergabe der Details des Dachstuhls, des Daches und des Vierungsturms. AGP hatte Andrew Tallon im Jahr 2010 bei der Digitalisierung von Notre-Dame begleitet. Dank dieser Digitalisierung mit millimetergenauer Pr\u00e4zision, jedoch mit einer Dichte im Zentimeterbereich, konnte er im Rahmen seiner Forschungsarbeiten zu den Bausystemen von Kathedralen die allgemeinen Volumen des Bauwerks erfassen.<\/li>\n<\/ul>\n<p>F\u00fcr die gesamte Kathedrale:<\/p>\n<ul>\n<li>Alle Scans, die von Art Graphique &amp; Patrimoine seit mehreren Jahren an Notre-Dame durchgef\u00fchrt wurden, umfassen etwa 50 Milliarden Punkte.<\/li>\n<\/ul>\n<p>[\/et_pb_text][\/et_pb_column][\/et_pb_row][et_pb_row _builder_version=&#8220;4.27.0&#8243; _module_preset=&#8220;default&#8220; custom_margin=&#8220;||||false|false&#8220; custom_padding=&#8220;30px||||false|false&#8220; global_colors_info=&#8220;{}&#8220;][et_pb_column type=&#8220;4_4&#8243; _builder_version=&#8220;4.27.0&#8243; _module_preset=&#8220;default&#8220; custom_padding=&#8220;||||false|false&#8220; custom_css_main_element=&#8220;display: flex;||gap: 12px;||align-items: center;&#8220; global_colors_info=&#8220;{}&#8220; custom_css_main_element_last_edited=&#8220;on|phone&#8220; custom_css_main_element_tablet=&#8220;display: flex;||gap: 12px;||align-items: center;&#8220; custom_css_main_element_phone=&#8220;display: flex;||gap: 12px;||align-items: center;&#8220;][et_pb_image src=&#8220;https:\/\/staging.thememorist.com\/wp-content\/uploads\/2026\/08\/notre-dame-post-fire-point-cloud-reality-capture.webp&#8220; alt=&#8220;Aerial point cloud model generated via RealityCapture software showing the extent of the roof damage and collapsed vaulting inside Notre-Dame Cathedral.&#8220; title_text=&#8220;Post-fire RealityCapture point cloud model of Notre-Dame&#8220; show_bottom_space=&#8220;off&#8220; _builder_version=&#8220;4.27.0&#8243; _module_preset=&#8220;default&#8220; custom_margin=&#8220;||||false|false&#8220; custom_padding=&#8220;||||false|false&#8220; custom_css_free_form=&#8220;.et_pb_row_9 .et_pb_image_wrap {||    display: block;||    height: 500px; \/* choose your height *\/||}||||.et_pb_row_9 .et_pb_image_wrap img {||    width: 100%;||    height: 100%;||    object-fit: cover;||    display: block;||}&#8220; global_colors_info=&#8220;{}&#8220;][\/et_pb_image][et_pb_image src=&#8220;https:\/\/staging.thememorist.com\/wp-content\/uploads\/2026\/08\/notre-dame-3d-laser-scan-point-cloud.webp&#8220; alt=&#8220;Comprehensive 3D point cloud rendering generated from laser scanning campaigns, displaying the twin towers and facade of Notre-Dame Cathedral.&#8220; title_text=&#8220;3D laser scan point cloud of Notre-Dame Cathedral exterior&#8220; _builder_version=&#8220;4.27.0&#8243; _module_preset=&#8220;default&#8220; global_colors_info=&#8220;{}&#8220;][\/et_pb_image][\/et_pb_column][\/et_pb_row][et_pb_row _builder_version=&#8220;4.27.0&#8243; _module_preset=&#8220;default&#8220; global_colors_info=&#8220;{}&#8220;][et_pb_column type=&#8220;4_4&#8243; _builder_version=&#8220;4.27.0&#8243; _module_preset=&#8220;default&#8220; global_colors_info=&#8220;{}&#8220;][et_pb_image src=&#8220;https:\/\/staging.thememorist.com\/wp-content\/uploads\/2026\/08\/notre-dame-3d-architectural-reconstruction-model.webp&#8220; alt=&#8220;Complete 3D computer-generated perspective rendering of Notre-Dame Cathedral showing the exterior architecture, flying buttresses, and western facade.&#8220; title_text=&#8220;3D architectural perspective model of Notre-Dame Cathedral&#8220; _builder_version=&#8220;4.27.0&#8243; _module_preset=&#8220;default&#8220; global_colors_info=&#8220;{}&#8220;][\/et_pb_image][\/et_pb_column][\/et_pb_row][et_pb_row column_structure=&#8220;1_3,2_3&#8243; custom_padding_last_edited=&#8220;on|tablet&#8220; _builder_version=&#8220;4.25.2&#8243; _module_preset=&#8220;default&#8220; custom_margin=&#8220;|auto||auto|false|false&#8220; custom_padding=&#8220;50px||50px||false|false&#8220; custom_padding_tablet=&#8220;50px||40px||false|false&#8220; custom_padding_phone=&#8220;50px||25px||false|false&#8220; locked=&#8220;off&#8220; global_colors_info=&#8220;{}&#8220;][et_pb_column type=&#8220;1_3&#8243; _builder_version=&#8220;4.20.0&#8243; _module_preset=&#8220;default&#8220; global_colors_info=&#8220;{}&#8220;][\/et_pb_column][et_pb_column type=&#8220;2_3&#8243; _builder_version=&#8220;4.20.0&#8243; _module_preset=&#8220;default&#8220; global_colors_info=&#8220;{}&#8220;][et_pb_text _builder_version=&#8220;4.27.0&#8243; _module_preset=&#8220;_initial&#8220; text_font_size=&#8220;1px&#8220; link_text_color=&#8220;#DD542A&#8220; header_font=&#8220;|700|||||||&#8220; header_2_font=&#8220;|700|||||||&#8220; header_2_font_size=&#8220;50px&#8220; width=&#8220;75%&#8220; custom_margin=&#8220;||||false|false&#8220; custom_margin_tablet=&#8220;-39px||||false|false&#8220; custom_margin_phone=&#8220;-30px||||false|false&#8220; custom_margin_last_edited=&#8220;off|desktop&#8220; custom_padding=&#8220;100px||||false|false&#8220; custom_padding_tablet=&#8220;80px||||false|false&#8220; custom_padding_phone=&#8220;0px||0px||false|false&#8220; custom_padding_last_edited=&#8220;on|phone&#8220; locked=&#8220;off&#8220; global_colors_info=&#8220;%91%93&#8243;]<\/p>\n<h2>Ein BIM-Modell f\u00fcr die Restaurierung von Notre-Dame<\/h2>\n<p>[\/et_pb_text][\/et_pb_column][\/et_pb_row][et_pb_row custom_padding_last_edited=&#8220;on|tablet&#8220; _builder_version=&#8220;4.25.2&#8243; _module_preset=&#8220;default&#8220; custom_margin=&#8220;||||false|false&#8220; custom_margin_tablet=&#8220;0px|auto||auto||&#8220; custom_margin_phone=&#8220;50px|auto||auto|false|false&#8220; custom_margin_last_edited=&#8220;off|desktop&#8220; custom_padding=&#8220;||50px||false|false&#8220; custom_padding_tablet=&#8220;50px||40px||false|false&#8220; custom_padding_phone=&#8220;50px||25px||false|false&#8220; locked=&#8220;off&#8220; global_colors_info=&#8220;{}&#8220;][et_pb_column type=&#8220;4_4&#8243; _builder_version=&#8220;4.20.0&#8243; _module_preset=&#8220;default&#8220; global_colors_info=&#8220;{}&#8220;][et_pb_text _builder_version=&#8220;4.27.0&#8243; _module_preset=&#8220;_initial&#8220; text_font_size=&#8220;16px&#8220; header_3_font_size=&#8220;30px&#8220; global_colors_info=&#8220;{}&#8220;]<\/p>\n<p>F\u00fcr die Restaurierung von Notre-Dame wird das traditionelle Know-how der Baumeister in Kombination mit modernen und digitalen Bautechniken ben\u00f6tigt.<\/p>\n<p>Schon jetzt wird die BIM-Kommission des GMH, an der Leitende und Mitarbeitende qualifizierter Unternehmen beteiligt sind, mit Unterst\u00fctzung von Autodesk mit der Arbeit am BIM-Modell von Notre-Dame beginnen.<\/p>\n<p>MEMORIST, Mitglied des GMH und seiner BIM-Kommission, koordiniert die Entwicklung des BIM-Modells der Kathedrale in Zusammenarbeit mit den verschiedenen Unternehmen des Verbands und Autodesk.<\/p>\n<p>[\/et_pb_text][et_pb_image src=&#8220;https:\/\/staging.thememorist.com\/wp-content\/uploads\/2026\/08\/notre-dame-north-facade-point-cloud-bim-1.webp&#8220; alt=&#8220;Architectural CAD drawing and point cloud data showing the north facade and structure of Notre-Dame Cathedral for BIM reconstruction.&#8220; title_text=&#8220;notre-dame-north-facade-point-cloud-bim&#8220; _builder_version=&#8220;4.27.0&#8243; _module_preset=&#8220;default&#8220; global_colors_info=&#8220;{}&#8220;][\/et_pb_image][\/et_pb_column][\/et_pb_row][et_pb_row custom_padding_last_edited=&#8220;on|tablet&#8220; _builder_version=&#8220;4.25.2&#8243; _module_preset=&#8220;default&#8220; custom_margin=&#8220;||||false|false&#8220; custom_margin_tablet=&#8220;0px|auto||auto||&#8220; custom_margin_phone=&#8220;50px|auto||auto|false|false&#8220; custom_margin_last_edited=&#8220;off|desktop&#8220; custom_padding=&#8220;||50px||false|false&#8220; custom_padding_tablet=&#8220;50px||40px||false|false&#8220; custom_padding_phone=&#8220;50px||25px||false|false&#8220; locked=&#8220;off&#8220; global_colors_info=&#8220;{}&#8220;][et_pb_column type=&#8220;4_4&#8243; _builder_version=&#8220;4.20.0&#8243; _module_preset=&#8220;default&#8220; global_colors_info=&#8220;{}&#8220;][et_pb_text _builder_version=&#8220;4.27.0&#8243; _module_preset=&#8220;_initial&#8220; text_font_size=&#8220;16px&#8220; global_colors_info=&#8220;{}&#8220;]<\/p>\n<p>M\u00f6chten Sie mehr \u00fcber unser Know-how und unsere Projekte erfahren? Dann <a href=\"https:\/\/www.thememorist.com\/de\/erfolge\/?_gl=1*5aq8rc*_up*MQ..*_ga*MTcwNzMyMjY0NC4xNzgzNDk5NTU3*_ga_RNEWS5Z8DZ*czE3ODM0OTk1NTckbzEkZzEkdDE3ODM1MDA2MjEkajYwJGwwJGgw\" target=\"_blank\" rel=\"noopener\">klicken Sie hier<\/a><\/p>\n<p>M\u00f6chten Sie uns Ihr Projekt schildern? <a href=\"https:\/\/www.thememorist.com\/de\/kontakt\/?_gl=1*1ncj222*_up*MQ..*_ga*MTcwNzMyMjY0NC4xNzgzNDk5NTU3*_ga_RNEWS5Z8DZ*czE3ODM0OTk1NTckbzEkZzEkdDE3ODM1MDA1NzQkajQ2JGwwJGgw\" target=\"_blank\" rel=\"noopener\">Klicken Sie hier<\/a><\/p>\n<p>[\/et_pb_text][\/et_pb_column][\/et_pb_row][\/et_pb_section]<\/p>\n","protected":false},"excerpt":{"rendered":"<p>Notre-Dame de Paris Ein Notfall-3D-ScanERSTER SCHRITT DES WIEDERAUFBAUSIm Auftrag der Chefarchitekten der franz\u00f6sischen Denkmalschutzbeh\u00f6rde, der DRAC (regionale Beh\u00f6rde f\u00fcr kulturelle Angelegenheiten), des Amts f\u00fcr Denkmalpflege der Region \u00cele-de-France und des Pr\u00e4fekten der Region \u00cele-de-France f\u00fchrte das Team von MEMORIST in Zusammenarbeit mit FARO einen Notfalleinsatz zur Rettung von Notre-Dame nach dem Brand im Jahr 2019 [&hellip;]<\/p>\n","protected":false},"author":19,"featured_media":255950,"comment_status":"closed","ping_status":"closed","sticky":false,"template":"","format":"standard","meta":{"_acf_changed":false,"_et_pb_use_builder":"on","_et_pb_old_content":"","_et_gb_content_width":"","inline_featured_image":false,"footnotes":""},"categories":[73],"tags":[],"acf":[],"_links":{"self":[{"href":"https:\/\/staging.thememorist.com\/de\/wp-json\/wp\/v2\/posts\/255949"}],"collection":[{"href":"https:\/\/staging.thememorist.com\/de\/wp-json\/wp\/v2\/posts"}],"about":[{"href":"https:\/\/staging.thememorist.com\/de\/wp-json\/wp\/v2\/types\/post"}],"author":[{"embeddable":true,"href":"https:\/\/staging.thememorist.com\/de\/wp-json\/wp\/v2\/users\/19"}],"replies":[{"embeddable":true,"href":"https:\/\/staging.thememorist.com\/de\/wp-json\/wp\/v2\/comments?post=255949"}],"version-history":[{"count":4,"href":"https:\/\/staging.thememorist.com\/de\/wp-json\/wp\/v2\/posts\/255949\/revisions"}],"predecessor-version":[{"id":255957,"href":"https:\/\/staging.thememorist.com\/de\/wp-json\/wp\/v2\/posts\/255949\/revisions\/255957"}],"wp:featuredmedia":[{"embeddable":true,"href":"https:\/\/staging.thememorist.com\/de\/wp-json\/wp\/v2\/media\/255950"}],"wp:attachment":[{"href":"https:\/\/staging.thememorist.com\/de\/wp-json\/wp\/v2\/media?parent=255949"}],"wp:term":[{"taxonomy":"category","embeddable":true,"href":"https:\/\/staging.thememorist.com\/de\/wp-json\/wp\/v2\/categories?post=255949"},{"taxonomy":"post_tag","embeddable":true,"href":"https:\/\/staging.thememorist.com\/de\/wp-json\/wp\/v2\/tags?post=255949"}],"curies":[{"name":"wp","href":"https:\/\/api.w.org\/{rel}","templated":true}]}}